{"id":24547,"date":"2026-09-04T10:15:17","date_gmt":"2026-09-04T09:15:17","guid":{"rendered":"https:\/\/www.concert-hosteldieu.com\/?p=24547"},"modified":"2026-09-04T10:15:17","modified_gmt":"2026-09-04T09:15:17","slug":"nous-recrutons-un-e-charge-e-de-production","status":"publish","type":"post","link":"https:\/\/www.concert-hosteldieu.com\/en\/nous-recrutons-un-e-charge-e-de-production\/","title":{"rendered":"Nous recrutons un.e charg\u00e9.e de production !"},"content":{"rendered":"<blockquote>\n<p class=\"p1\"><b>CDI &#8211; Temps plein<\/b><br \/>\n<b>Groupe 5 \u2013 Agent de ma\u00eetrise<\/b><br \/>\n<b>Prise de poste : 02\/11\/2026<\/b><\/p>\n<\/blockquote>\n<h5 class=\"p1\"><b>LE CONCERT DE L\u2019HOSTEL DIEU : UN ENSEMBLE BAROQUE OUVERT \u00c0 LA CR\u00c9ATION<\/b><\/h5>\n<p class=\"p2\">Dirig\u00e9 par Franck-Emmanuel Comte, le Concert de l\u2019Hostel Dieu est l\u2019un des ensembles fran\u00e7ais de r\u00e9f\u00e9rence dans le domaine de la musique ancienne.<br \/>\nDepuis plus de trente ans, le CHD d\u00e9veloppe une activit\u00e9 internationale de cr\u00e9ation, de production et de diffusion, en proposant une lecture r\u00e9solument contemporaine du patrimoine musical.<br \/>\nAux c\u00f4t\u00e9s des grandes \u0153uvres du r\u00e9pertoire baroque, l\u2019ensemble imagine de nouvelles formes de spectacle associant musique, danse, arts visuels et cr\u00e9ation num\u00e9rique. Il d\u00e9veloppe \u00e9galement une importante activit\u00e9 de transmission et d\u2019\u00e9ducation artistique.<br \/>\nDans un contexte de d\u00e9veloppement de ses productions en France et \u00e0 l\u2019international, le Concert de l\u2019Hostel Dieu renforce son \u00e9quipe et recrute un\u00b7e <b>Charg\u00e9\u00b7e de production<\/b>.<\/p>\n<h5 class=\"p1\"><b>DESCRIPTION DU POSTE<\/b><\/h5>\n<p class=\"p1\">Sous l\u2019autorit\u00e9 de la Directrice de production et en \u00e9troite collaboration avec le Directeur artistique, le\u00b7la Charg\u00e9\u00b7e de production participe \u00e0 la pr\u00e9paration, \u00e0 la coordination et au suivi des productions, tourn\u00e9es, r\u00e9sidences et actions culturelles du Concert de l\u2019Hostel Dieu.<br \/>\nIl\u00b7elle est un interlocuteur privil\u00e9gi\u00e9 des artistes, des \u00e9quipes administratives et techniques, des lieux partenaires et des organisateurs de tourn\u00e9es.<br \/>\n\u00c0 ce titre, il\u00b7elle contribue \u00e0 garantir le bon d\u00e9roulement des projets, de leur pr\u00e9paration \u00e0 leur r\u00e9alisation, en assurant la circulation des informations et l\u2019anticipation des besoins.<\/p>\n<hr \/>\n<h3>MISSIONS<\/h3>\n<h5><\/h5>\n<h5 class=\"p1\"><b>PR\u00c9PARATION DES PRODUCTIONS<\/b><\/h5>\n<ul class=\"ul1\">\n<li class=\"li2\">Organiser les r\u00e9p\u00e9titions, r\u00e9sidences, tourn\u00e9es et actions culturelles ;<\/li>\n<li class=\"li2\">Assurer le suivi logistique des productions : transports, h\u00e9bergements, accueil des artistes et des \u00e9quipes ;<\/li>\n<li class=\"li2\">Pr\u00e9parer et diffuser les documents de production : feuilles de route, plannings, etc. ;<\/li>\n<li class=\"li2\">Pr\u00e9parer et transmettre les besoins techniques ;<\/li>\n<li class=\"li2\">Pr\u00e9parer et transmettre les partitions et mat\u00e9riels musicaux ;<\/li>\n<li class=\"li2\">Coordonner les interventions des artistes et des \u00e9quipes techniques.<\/li>\n<\/ul>\n<h5 class=\"p1\"><b>SUIVI ADMINISTRATIF ET OP\u00c9RATIONNEL DES PROJETS<\/b><\/h5>\n<ul class=\"ul1\">\n<li class=\"li2\">Veiller au respect et \u00e0 la mise \u00e0 jour des calendriers ;<\/li>\n<li class=\"li2\">Collecter les informations n\u00e9cessaires \u00e0 l\u2019\u00e9tablissement des contrats ;<\/li>\n<li class=\"li2\">Pr\u00e9parer les conventions, contrats et documents administratifs ;<\/li>\n<li class=\"li2\">Participer \u00e0 l\u2019\u00e9laboration et au suivi des budgets de production ;<\/li>\n<li class=\"li2\">Centraliser les informations relatives aux diff\u00e9rents projets ;<\/li>\n<li class=\"li2\">Pr\u00e9parer les bilans.<\/li>\n<\/ul>\n<h5 class=\"p1\"><b>COORDINATION DES \u00c9QUIPES ET DES PARTENAIRES<\/b><\/h5>\n<p class=\"p2\">Le\u00b7la Charg\u00e9\u00b7e de production assure la circulation fluide des informations entre :<\/p>\n<ul class=\"ul1\">\n<li class=\"li2\">les artistes ;<\/li>\n<li class=\"li2\">les \u00e9quipes administratives ;<\/li>\n<li class=\"li2\">les \u00e9quipes techniques ;<\/li>\n<li class=\"li2\">les lieux partenaires ;<\/li>\n<li class=\"li2\">les organisateurs de tourn\u00e9es.<\/li>\n<\/ul>\n<p class=\"p2\">Il\u00b7elle contribue \u00e0 l\u2019anticipation des besoins et \u00e0 la bonne coordination des diff\u00e9rents interlocuteurs impliqu\u00e9s dans les projets.<\/p>\n<h5 class=\"p1\"><b>PARTICIPATION \u00c0 LA VIE DE LA STRUCTURE<\/b><\/h5>\n<p class=\"p2\">Selon les projets, le\u00b7la Charg\u00e9\u00b7e de production pourra \u00e9galement participer :<\/p>\n<ul class=\"ul1\">\n<li class=\"li2\">\u00e0 l\u2019accueil des artistes ;<\/li>\n<li class=\"li2\">\u00e0 l\u2019organisation des \u00e9v\u00e9nements ;<\/li>\n<li class=\"li2\">aux actions d\u2019\u00e9ducation artistique ;<\/li>\n<li class=\"li2\">\u00e0 la vie quotidienne de l\u2019\u00e9quipe.<\/li>\n<\/ul>\n<hr \/>\n<h3 class=\"p1\"><b>PROFIL RECHERCH\u00c9<\/b><\/h3>\n<h5><\/h5>\n<h5 class=\"p1\"><b>FORMATION &amp; EXP\u00c9RIENCE<\/b><\/h5>\n<ul class=\"ul1\">\n<li class=\"li2\">Formation sup\u00e9rieure en administration ou gestion de projets culturels ;<\/li>\n<li class=\"li2\">Une exp\u00e9rience dans le secteur du spectacle vivant et\/ou de l\u2019action culturelle est souhait\u00e9e.<\/li>\n<\/ul>\n<h5 class=\"p1\"><b>COMP\u00c9TENCES &amp; QUALIT\u00c9S<\/b><\/h5>\n<ul class=\"ul1\">\n<li class=\"li2\">Tr\u00e8s bonne capacit\u00e9 d\u2019organisation et d\u2019anticipation ;<\/li>\n<li class=\"li2\">Capacit\u00e9 \u00e0 coordonner plusieurs projets simultan\u00e9ment ;<\/li>\n<li class=\"li2\">Rigueur et sens du suivi ;<\/li>\n<li class=\"li2\">Aisance relationnelle et r\u00e9dactionnelle ;<\/li>\n<li class=\"li2\">Capacit\u00e9 \u00e0 travailler avec des interlocuteurs vari\u00e9s : artistes, techniciens, partenaires culturels, institutionnels et \u00e9ducatifs ;<\/li>\n<li class=\"li2\">Ma\u00eetrise des outils bureautiques et collaboratifs (Open Office et Orfeo) ;<\/li>\n<li class=\"li2\">Int\u00e9r\u00eat pour la musique ancienne, les projets artistiques transdisciplinaires et les actions de m\u00e9diation.<\/li>\n<\/ul>\n<p class=\"p2\">Une capacit\u00e9 \u00e0 travailler dans un environnement international et un int\u00e9r\u00eat pour les projets artistiques m\u00ealant musique, danse, arts visuels et cr\u00e9ation num\u00e9rique seront appr\u00e9ci\u00e9s.<\/p>\n<hr \/>\n<h5 class=\"p1\"><b>CONDITIONS<\/b><\/h5>\n<ul class=\"ul1\">\n<li class=\"li1\"><b>CDI<span class=\"Apple-converted-space\">\u00a0<\/span><\/b><\/li>\n<li class=\"li1\"><b>Temps plein<\/b><\/li>\n<li class=\"li1\"><b>Groupe 5 \/ Agent de ma\u00eetrise<\/b><\/li>\n<li class=\"li1\">R\u00e9mun\u00e9ration selon exp\u00e9rience et dispositions conventionnelles applicables<\/li>\n<li class=\"li1\">Disponibilit\u00e9s ponctuelles en soir\u00e9e et le week-end selon les projets<\/li>\n<li class=\"li1\">D\u00e9placements ponctuels en France et \u00e0 l\u2019international<\/li>\n<li class=\"li1\">Poste bas\u00e9 \u00e0 Lyon<\/li>\n<\/ul>\n<h5 class=\"p1\"><b>CANDIDATURE<\/b><\/h5>\n<p class=\"p1\">Merci d\u2019adresser votre candidature comprenant <b>CV et lettre de motivation<\/b> au Concert de l\u2019Hostel Dieu avant le 01\/10\/2026.<br \/>\nEnvoyez votre candidature : <a href=\"mailto:production@concert-hosteldieu.com\" target=\"_blank\" rel=\"noopener\">production@concert-hosteldieu.com<\/a><br \/>\nEntretiens dans la semaine du 5 octobre.<br \/>\n<b>Lieu : Lyon<br \/>\n<\/b><b>Secteur : Spectacle vivant \/ musique ancienne<br \/>\n<\/b><b>Prise de fonction : 02\/11\/2026<\/b><\/p>","protected":false},"excerpt":{"rendered":"<p>CDI &#8211; Temps plein Groupe 5 \u2013 Agent de ma\u00eetrise Prise de poste : 02\/11\/2026 LE CONCERT DE L\u2019HOSTEL DIEU : UN ENSEMBLE BAROQUE OUVERT \u00c0 LA CR\u00c9ATION Dirig\u00e9 par Franck-Emmanuel Comte, le Concert de l\u2019Hostel Dieu est l\u2019un des [&hellip;]<\/p>\n","protected":false},"author":2776,"featured_media":24548,"comment_status":"closed","ping_status":"closed","sticky":false,"template":"","format":"standard","meta":{"site-sidebar-layout":"default","site-content-layout":"","ast-site-content-layout":"default","site-content-style":"default","site-sidebar-style":"default","ast-global-header-display":"","ast-banner-title-visibility":"","ast-main-header-display":"","ast-hfb-above-header-display":"","ast-hfb-below-header-display":"","ast-hfb-mobile-header-display":"","site-post-title":"","ast-breadcrumbs-content":"","ast-featured-img":"","footer-sml-layout":"","ast-disable-related-posts":"","theme-transparent-header-meta":"default","adv-header-id-meta":"","stick-header-meta":"default","header-above-stick-meta":"","header-main-stick-meta":"","header-below-stick-meta":"","astra-migrate-meta-layouts":"set","ast-page-background-enabled":"default","ast-page-background-meta":{"desktop":{"background-color":"","background-image":"","background-repeat":"repeat","background-position":"center center","background-size":"auto","background-attachment":"scroll","background-type":"","background-media":"","overlay-type":"","overlay-color":"","overlay-opacity":"","overlay-gradient":""},"tablet":{"background-color":"","background-image":"","background-repeat":"repeat","background-position":"center center","background-size":"auto","background-attachment":"scroll","background-type":"","background-media":"","overlay-type":"","overlay-color":"","overlay-opacity":"","overlay-gradient":""},"mobile":{"background-color":"","background-image":"","background-repeat":"repeat","background-position":"center center","background-size":"auto","background-attachment":"scroll","background-type":"","background-media":"","overlay-type":"","overlay-color":"","overlay-opacity":"","overlay-gradient":""}},"ast-content-background-meta":{"desktop":{"background-color":"var(--ast-global-color-5)","background-image":"","background-repeat":"repeat","background-position":"center center","background-size":"auto","background-attachment":"scroll","background-type":"","background-media":"","overlay-type":"","overlay-color":"","overlay-opacity":"","overlay-gradient":""},"tablet":{"background-color":"var(--ast-global-color-5)","background-image":"","background-repeat":"repeat","background-position":"center center","background-size":"auto","background-attachment":"scroll","background-type":"","background-media":"","overlay-type":"","overlay-color":"","overlay-opacity":"","overlay-gradient":""},"mobile":{"background-color":"var(--ast-global-color-5)","background-image":"","background-repeat":"repeat","background-position":"center center","background-size":"auto","background-attachment":"scroll","background-type":"","background-media":"","overlay-type":"","overlay-color":"","overlay-opacity":"","overlay-gradient":""}},"footnotes":""},"categories":[450],"tags":[],"class_list":["post-24547","post","type-post","status-publish","format-standard","has-post-thumbnail","hentry","category-articles"],"yoast_head":"<!-- This site is optimized with the Yoast SEO plugin v28.4 - https:\/\/yoast.com\/product\/yoast-seo-wordpress\/ -->\n<title>Nous recrutons un.e charg\u00e9.e de production ! - Le Concert de l&#039;Hostel Dieu<\/title>\n<meta name=\"robots\" content=\"index, follow, max-snippet:-1, max-image-preview:large, max-video-preview:-1\" \/>\n<link rel=\"canonical\" href=\"https:\/\/www.concert-hosteldieu.com\/en\/nous-recrutons-un-e-charge-e-de-production\/\" \/>\n<meta property=\"og:locale\" content=\"en_GB\" \/>\n<meta property=\"og:type\" content=\"article\" \/>\n<meta property=\"og:title\" content=\"Nous recrutons un.e charg\u00e9.e de production ! - Le Concert de l&#039;Hostel Dieu\" \/>\n<meta property=\"og:description\" content=\"CDI &#8211; Temps plein Groupe 5 \u2013 Agent de ma\u00eetrise Prise de poste : 02\/11\/2026 LE CONCERT DE L\u2019HOSTEL DIEU : UN ENSEMBLE BAROQUE OUVERT \u00c0 LA CR\u00c9ATION Dirig\u00e9 par Franck-Emmanuel Comte, le Concert de l\u2019Hostel Dieu est l\u2019un des [&hellip;]\" \/>\n<meta property=\"og:url\" content=\"https:\/\/www.concert-hosteldieu.com\/en\/nous-recrutons-un-e-charge-e-de-production\/\" \/>\n<meta property=\"og:site_name\" content=\"Le Concert de l&#039;Hostel Dieu\" \/>\n<meta property=\"article:publisher\" content=\"https:\/\/www.facebook.com\/leconcert.delhosteldieu\" \/>\n<meta property=\"article:published_time\" content=\"2026-09-04T09:15:17+00:00\" \/>\n<meta property=\"og:image\" content=\"https:\/\/www.concert-hosteldieu.com\/wp-content\/uploads\/2026\/09\/Offre-charge.e-de-prod-RS.jpg\" \/>\n\t<meta property=\"og:image:width\" content=\"1920\" \/>\n\t<meta property=\"og:image:height\" content=\"1920\" \/>\n\t<meta property=\"og:image:type\" content=\"image\/jpeg\" \/>\n<meta name=\"author\" content=\"refontesiteCHD\" \/>\n<meta name=\"twitter:label1\" content=\"Written by\" \/>\n\t<meta name=\"twitter:data1\" content=\"refontesiteCHD\" \/>\n\t<meta name=\"twitter:label2\" content=\"Estimated reading time\" \/>\n\t<meta name=\"twitter:data2\" content=\"4 minutes\" \/>\n<script type=\"application\/ld+json\" class=\"yoast-schema-graph\">{\"@context\":\"https:\\\/\\\/schema.org\",\"@graph\":[{\"@type\":\"Article\",\"@id\":\"https:\\\/\\\/www.concert-hosteldieu.com\\\/nous-recrutons-un-e-charge-e-de-production\\\/#article\",\"isPartOf\":{\"@id\":\"https:\\\/\\\/www.concert-hosteldieu.com\\\/nous-recrutons-un-e-charge-e-de-production\\\/\"},\"author\":{\"name\":\"refontesiteCHD\",\"@id\":\"https:\\\/\\\/www.concert-hosteldieu.com\\\/#\\\/schema\\\/person\\\/be4a42522a14807ffbf942c1c16b80eb\"},\"headline\":\"Nous recrutons un.e charg\u00e9.e de production !\",\"datePublished\":\"2026-09-04T09:15:17+00:00\",\"mainEntityOfPage\":{\"@id\":\"https:\\\/\\\/www.concert-hosteldieu.com\\\/nous-recrutons-un-e-charge-e-de-production\\\/\"},\"wordCount\":706,\"publisher\":{\"@id\":\"https:\\\/\\\/www.concert-hosteldieu.com\\\/#organization\"},\"image\":{\"@id\":\"https:\\\/\\\/www.concert-hosteldieu.com\\\/nous-recrutons-un-e-charge-e-de-production\\\/#primaryimage\"},\"thumbnailUrl\":\"https:\\\/\\\/www.concert-hosteldieu.com\\\/wp-content\\\/uploads\\\/2026\\\/09\\\/Offre-charge.e-de-prod-RS.jpg\",\"articleSection\":[\"Articles\"],\"inLanguage\":\"en-GB\"},{\"@type\":\"WebPage\",\"@id\":\"https:\\\/\\\/www.concert-hosteldieu.com\\\/nous-recrutons-un-e-charge-e-de-production\\\/\",\"url\":\"https:\\\/\\\/www.concert-hosteldieu.com\\\/nous-recrutons-un-e-charge-e-de-production\\\/\",\"name\":\"Nous recrutons un.e charg\u00e9.e de production ! - Le Concert de l&#039;Hostel Dieu\",\"isPartOf\":{\"@id\":\"https:\\\/\\\/www.concert-hosteldieu.com\\\/#website\"},\"primaryImageOfPage\":{\"@id\":\"https:\\\/\\\/www.concert-hosteldieu.com\\\/nous-recrutons-un-e-charge-e-de-production\\\/#primaryimage\"},\"image\":{\"@id\":\"https:\\\/\\\/www.concert-hosteldieu.com\\\/nous-recrutons-un-e-charge-e-de-production\\\/#primaryimage\"},\"thumbnailUrl\":\"https:\\\/\\\/www.concert-hosteldieu.com\\\/wp-content\\\/uploads\\\/2026\\\/09\\\/Offre-charge.e-de-prod-RS.jpg\",\"datePublished\":\"2026-09-04T09:15:17+00:00\",\"breadcrumb\":{\"@id\":\"https:\\\/\\\/www.concert-hosteldieu.com\\\/nous-recrutons-un-e-charge-e-de-production\\\/#breadcrumb\"},\"inLanguage\":\"en-GB\",\"potentialAction\":[{\"@type\":\"ReadAction\",\"target\":[\"https:\\\/\\\/www.concert-hosteldieu.com\\\/nous-recrutons-un-e-charge-e-de-production\\\/\"]}]},{\"@type\":\"ImageObject\",\"inLanguage\":\"en-GB\",\"@id\":\"https:\\\/\\\/www.concert-hosteldieu.com\\\/nous-recrutons-un-e-charge-e-de-production\\\/#primaryimage\",\"url\":\"https:\\\/\\\/www.concert-hosteldieu.com\\\/wp-content\\\/uploads\\\/2026\\\/09\\\/Offre-charge.e-de-prod-RS.jpg\",\"contentUrl\":\"https:\\\/\\\/www.concert-hosteldieu.com\\\/wp-content\\\/uploads\\\/2026\\\/09\\\/Offre-charge.e-de-prod-RS.jpg\",\"width\":1920,\"height\":1920},{\"@type\":\"BreadcrumbList\",\"@id\":\"https:\\\/\\\/www.concert-hosteldieu.com\\\/nous-recrutons-un-e-charge-e-de-production\\\/#breadcrumb\",\"itemListElement\":[{\"@type\":\"ListItem\",\"position\":1,\"name\":\"Accueil\",\"item\":\"https:\\\/\\\/www.concert-hosteldieu.com\\\/\"},{\"@type\":\"ListItem\",\"position\":2,\"name\":\"Nous recrutons un.e charg\u00e9.e de production !\"}]},{\"@type\":\"WebSite\",\"@id\":\"https:\\\/\\\/www.concert-hosteldieu.com\\\/#website\",\"url\":\"https:\\\/\\\/www.concert-hosteldieu.com\\\/\",\"name\":\"Le Concert de l&#039;Hostel Dieu\",\"description\":\"Franck-Emmanuel Comte\",\"publisher\":{\"@id\":\"https:\\\/\\\/www.concert-hosteldieu.com\\\/#organization\"},\"potentialAction\":[{\"@type\":\"SearchAction\",\"target\":{\"@type\":\"EntryPoint\",\"urlTemplate\":\"https:\\\/\\\/www.concert-hosteldieu.com\\\/?s={search_term_string}\"},\"query-input\":{\"@type\":\"PropertyValueSpecification\",\"valueRequired\":true,\"valueName\":\"search_term_string\"}}],\"inLanguage\":\"en-GB\"},{\"@type\":\"Organization\",\"@id\":\"https:\\\/\\\/www.concert-hosteldieu.com\\\/#organization\",\"name\":\"Le Concert de l'Hostel Dieu\",\"url\":\"https:\\\/\\\/www.concert-hosteldieu.com\\\/\",\"logo\":{\"@type\":\"ImageObject\",\"inLanguage\":\"en-GB\",\"@id\":\"https:\\\/\\\/www.concert-hosteldieu.com\\\/#\\\/schema\\\/logo\\\/image\\\/\",\"url\":\"https:\\\/\\\/www.concert-hosteldieu.com\\\/wp-content\\\/uploads\\\/2021\\\/06\\\/logo-chd-noir-transparent.png\",\"contentUrl\":\"https:\\\/\\\/www.concert-hosteldieu.com\\\/wp-content\\\/uploads\\\/2021\\\/06\\\/logo-chd-noir-transparent.png\",\"width\":262,\"height\":106,\"caption\":\"Le Concert de l'Hostel Dieu\"},\"image\":{\"@id\":\"https:\\\/\\\/www.concert-hosteldieu.com\\\/#\\\/schema\\\/logo\\\/image\\\/\"},\"sameAs\":[\"https:\\\/\\\/www.facebook.com\\\/leconcert.delhosteldieu\",\"https:\\\/\\\/x.com\\\/CHDLyon\",\"https:\\\/\\\/instagram.com\\\/concert_hostel_dieu\",\"https:\\\/\\\/www.linkedin.com\\\/company\\\/le-concert-de-l'hostel-dieu\\\/\",\"https:\\\/\\\/www.youtube.com\\\/user\\\/CHDLyon\"]},{\"@type\":\"Person\",\"@id\":\"https:\\\/\\\/www.concert-hosteldieu.com\\\/#\\\/schema\\\/person\\\/be4a42522a14807ffbf942c1c16b80eb\",\"name\":\"refontesiteCHD\",\"image\":{\"@type\":\"ImageObject\",\"inLanguage\":\"en-GB\",\"@id\":\"https:\\\/\\\/secure.gravatar.com\\\/avatar\\\/cbf88c90f1a507085efd88c27d77cdefaa6fb0c531d9570d363750a0871e5dad?s=96&d=identicon&r=g\",\"url\":\"https:\\\/\\\/secure.gravatar.com\\\/avatar\\\/cbf88c90f1a507085efd88c27d77cdefaa6fb0c531d9570d363750a0871e5dad?s=96&d=identicon&r=g\",\"contentUrl\":\"https:\\\/\\\/secure.gravatar.com\\\/avatar\\\/cbf88c90f1a507085efd88c27d77cdefaa6fb0c531d9570d363750a0871e5dad?s=96&d=identicon&r=g\",\"caption\":\"refontesiteCHD\"},\"url\":\"https:\\\/\\\/www.concert-hosteldieu.com\\\/en\\\/author\\\/refontesitechd\\\/\"}]}<\/script>\n<!-- \/ Yoast SEO plugin. -->","yoast_head_json":{"title":"Nous recrutons un.e charg\u00e9.e de production ! - Le Concert de l&#039;Hostel Dieu","robots":{"index":"index","follow":"follow","max-snippet":"max-snippet:-1","max-image-preview":"max-image-preview:large","max-video-preview":"max-video-preview:-1"},"canonical":"https:\/\/www.concert-hosteldieu.com\/en\/nous-recrutons-un-e-charge-e-de-production\/","og_locale":"en_GB","og_type":"article","og_title":"Nous recrutons un.e charg\u00e9.e de production ! - Le Concert de l&#039;Hostel Dieu","og_description":"CDI &#8211; Temps plein Groupe 5 \u2013 Agent de ma\u00eetrise Prise de poste : 02\/11\/2026 LE CONCERT DE L\u2019HOSTEL DIEU : UN ENSEMBLE BAROQUE OUVERT \u00c0 LA CR\u00c9ATION Dirig\u00e9 par Franck-Emmanuel Comte, le Concert de l\u2019Hostel Dieu est l\u2019un des [&hellip;]","og_url":"https:\/\/www.concert-hosteldieu.com\/en\/nous-recrutons-un-e-charge-e-de-production\/","og_site_name":"Le Concert de l&#039;Hostel Dieu","article_publisher":"https:\/\/www.facebook.com\/leconcert.delhosteldieu","article_published_time":"2026-09-04T09:15:17+00:00","og_image":[{"width":1920,"height":1920,"url":"https:\/\/www.concert-hosteldieu.com\/wp-content\/uploads\/2026\/09\/Offre-charge.e-de-prod-RS.jpg","type":"image\/jpeg"}],"author":"refontesiteCHD","twitter_misc":{"Written by":"refontesiteCHD","Estimated reading time":"4 minutes"},"schema":{"@context":"https:\/\/schema.org","@graph":[{"@type":"Article","@id":"https:\/\/www.concert-hosteldieu.com\/nous-recrutons-un-e-charge-e-de-production\/#article","isPartOf":{"@id":"https:\/\/www.concert-hosteldieu.com\/nous-recrutons-un-e-charge-e-de-production\/"},"author":{"name":"refontesiteCHD","@id":"https:\/\/www.concert-hosteldieu.com\/#\/schema\/person\/be4a42522a14807ffbf942c1c16b80eb"},"headline":"Nous recrutons un.e charg\u00e9.e de production !","datePublished":"2026-09-04T09:15:17+00:00","mainEntityOfPage":{"@id":"https:\/\/www.concert-hosteldieu.com\/nous-recrutons-un-e-charge-e-de-production\/"},"wordCount":706,"publisher":{"@id":"https:\/\/www.concert-hosteldieu.com\/#organization"},"image":{"@id":"https:\/\/www.concert-hosteldieu.com\/nous-recrutons-un-e-charge-e-de-production\/#primaryimage"},"thumbnailUrl":"https:\/\/www.concert-hosteldieu.com\/wp-content\/uploads\/2026\/09\/Offre-charge.e-de-prod-RS.jpg","articleSection":["Articles"],"inLanguage":"en-GB"},{"@type":"WebPage","@id":"https:\/\/www.concert-hosteldieu.com\/nous-recrutons-un-e-charge-e-de-production\/","url":"https:\/\/www.concert-hosteldieu.com\/nous-recrutons-un-e-charge-e-de-production\/","name":"Nous recrutons un.e charg\u00e9.e de production ! - Le Concert de l&#039;Hostel Dieu","isPartOf":{"@id":"https:\/\/www.concert-hosteldieu.com\/#website"},"primaryImageOfPage":{"@id":"https:\/\/www.concert-hosteldieu.com\/nous-recrutons-un-e-charge-e-de-production\/#primaryimage"},"image":{"@id":"https:\/\/www.concert-hosteldieu.com\/nous-recrutons-un-e-charge-e-de-production\/#primaryimage"},"thumbnailUrl":"https:\/\/www.concert-hosteldieu.com\/wp-content\/uploads\/2026\/09\/Offre-charge.e-de-prod-RS.jpg","datePublished":"2026-09-04T09:15:17+00:00","breadcrumb":{"@id":"https:\/\/www.concert-hosteldieu.com\/nous-recrutons-un-e-charge-e-de-production\/#breadcrumb"},"inLanguage":"en-GB","potentialAction":[{"@type":"ReadAction","target":["https:\/\/www.concert-hosteldieu.com\/nous-recrutons-un-e-charge-e-de-production\/"]}]},{"@type":"ImageObject","inLanguage":"en-GB","@id":"https:\/\/www.concert-hosteldieu.com\/nous-recrutons-un-e-charge-e-de-production\/#primaryimage","url":"https:\/\/www.concert-hosteldieu.com\/wp-content\/uploads\/2026\/09\/Offre-charge.e-de-prod-RS.jpg","contentUrl":"https:\/\/www.concert-hosteldieu.com\/wp-content\/uploads\/2026\/09\/Offre-charge.e-de-prod-RS.jpg","width":1920,"height":1920},{"@type":"BreadcrumbList","@id":"https:\/\/www.concert-hosteldieu.com\/nous-recrutons-un-e-charge-e-de-production\/#breadcrumb","itemListElement":[{"@type":"ListItem","position":1,"name":"Accueil","item":"https:\/\/www.concert-hosteldieu.com\/"},{"@type":"ListItem","position":2,"name":"Nous recrutons un.e charg\u00e9.e de production !"}]},{"@type":"WebSite","@id":"https:\/\/www.concert-hosteldieu.com\/#website","url":"https:\/\/www.concert-hosteldieu.com\/","name":"Le Concert de l&#039;Hostel Dieu","description":"Franck-Emmanuel Comte","publisher":{"@id":"https:\/\/www.concert-hosteldieu.com\/#organization"},"potentialAction":[{"@type":"SearchAction","target":{"@type":"EntryPoint","urlTemplate":"https:\/\/www.concert-hosteldieu.com\/?s={search_term_string}"},"query-input":{"@type":"PropertyValueSpecification","valueRequired":true,"valueName":"search_term_string"}}],"inLanguage":"en-GB"},{"@type":"Organization","@id":"https:\/\/www.concert-hosteldieu.com\/#organization","name":"Le Concert de l'Hostel Dieu","url":"https:\/\/www.concert-hosteldieu.com\/","logo":{"@type":"ImageObject","inLanguage":"en-GB","@id":"https:\/\/www.concert-hosteldieu.com\/#\/schema\/logo\/image\/","url":"https:\/\/www.concert-hosteldieu.com\/wp-content\/uploads\/2021\/06\/logo-chd-noir-transparent.png","contentUrl":"https:\/\/www.concert-hosteldieu.com\/wp-content\/uploads\/2021\/06\/logo-chd-noir-transparent.png","width":262,"height":106,"caption":"Le Concert de l'Hostel Dieu"},"image":{"@id":"https:\/\/www.concert-hosteldieu.com\/#\/schema\/logo\/image\/"},"sameAs":["https:\/\/www.facebook.com\/leconcert.delhosteldieu","https:\/\/x.com\/CHDLyon","https:\/\/instagram.com\/concert_hostel_dieu","https:\/\/www.linkedin.com\/company\/le-concert-de-l'hostel-dieu\/","https:\/\/www.youtube.com\/user\/CHDLyon"]},{"@type":"Person","@id":"https:\/\/www.concert-hosteldieu.com\/#\/schema\/person\/be4a42522a14807ffbf942c1c16b80eb","name":"refontesiteCHD","image":{"@type":"ImageObject","inLanguage":"en-GB","@id":"https:\/\/secure.gravatar.com\/avatar\/cbf88c90f1a507085efd88c27d77cdefaa6fb0c531d9570d363750a0871e5dad?s=96&d=identicon&r=g","url":"https:\/\/secure.gravatar.com\/avatar\/cbf88c90f1a507085efd88c27d77cdefaa6fb0c531d9570d363750a0871e5dad?s=96&d=identicon&r=g","contentUrl":"https:\/\/secure.gravatar.com\/avatar\/cbf88c90f1a507085efd88c27d77cdefaa6fb0c531d9570d363750a0871e5dad?s=96&d=identicon&r=g","caption":"refontesiteCHD"},"url":"https:\/\/www.concert-hosteldieu.com\/en\/author\/refontesitechd\/"}]}},"_links":{"self":[{"href":"https:\/\/www.concert-hosteldieu.com\/en\/wp-json\/wp\/v2\/posts\/24547","targetHints":{"allow":["GET"]}}],"collection":[{"href":"https:\/\/www.concert-hosteldieu.com\/en\/wp-json\/wp\/v2\/posts"}],"about":[{"href":"https:\/\/www.concert-hosteldieu.com\/en\/wp-json\/wp\/v2\/types\/post"}],"author":[{"embeddable":true,"href":"https:\/\/www.concert-hosteldieu.com\/en\/wp-json\/wp\/v2\/users\/2776"}],"replies":[{"embeddable":true,"href":"https:\/\/www.concert-hosteldieu.com\/en\/wp-json\/wp\/v2\/comments?post=24547"}],"version-history":[{"count":2,"href":"https:\/\/www.concert-hosteldieu.com\/en\/wp-json\/wp\/v2\/posts\/24547\/revisions"}],"predecessor-version":[{"id":24550,"href":"https:\/\/www.concert-hosteldieu.com\/en\/wp-json\/wp\/v2\/posts\/24547\/revisions\/24550"}],"wp:featuredmedia":[{"embeddable":true,"href":"https:\/\/www.concert-hosteldieu.com\/en\/wp-json\/wp\/v2\/media\/24548"}],"wp:attachment":[{"href":"https:\/\/www.concert-hosteldieu.com\/en\/wp-json\/wp\/v2\/media?parent=24547"}],"wp:term":[{"taxonomy":"category","embeddable":true,"href":"https:\/\/www.concert-hosteldieu.com\/en\/wp-json\/wp\/v2\/categories?post=24547"},{"taxonomy":"post_tag","embeddable":true,"href":"https:\/\/www.concert-hosteldieu.com\/en\/wp-json\/wp\/v2\/tags?post=24547"}],"curies":[{"name":"wp","href":"https:\/\/api.w.org\/{rel}","templated":true}]}}