{"id":22934,"date":"2024-10-03T10:00:59","date_gmt":"2024-10-03T09:00:59","guid":{"rendered":"https:\/\/www.concert-hosteldieu.com\/?p=22934"},"modified":"2025-09-19T11:51:58","modified_gmt":"2025-09-19T10:51:58","slug":"chd-trinite","status":"publish","type":"post","link":"https:\/\/www.concert-hosteldieu.com\/en\/chd-trinite\/","title":{"rendered":"Le Concert de l'Hostel Dieu at Chapelle de la Trinit\u00e9"},"content":{"rendered":"<p>A new page is turning for the Concert de l'Hostel Dieu: the Metropole and the City of Lyon have decided to entrust us with the management and organisation of the Chapelle de la Trinit\u00e9, one of Lyon's architectural Baroque jewels.<\/p>\n<p><img loading=\"lazy\" decoding=\"async\" class=\"wp-image-23066 alignright\" src=\"https:\/\/www.concert-hosteldieu.com\/wp-content\/uploads\/2024\/10\/DSCF7577-300x200.jpg\" alt=\"\" width=\"317\" height=\"211\" srcset=\"https:\/\/www.concert-hosteldieu.com\/wp-content\/uploads\/2024\/10\/DSCF7577-300x200.jpg 300w, https:\/\/www.concert-hosteldieu.com\/wp-content\/uploads\/2024\/10\/DSCF7577-1024x683.jpg 1024w, https:\/\/www.concert-hosteldieu.com\/wp-content\/uploads\/2024\/10\/DSCF7577-768x512.jpg 768w, https:\/\/www.concert-hosteldieu.com\/wp-content\/uploads\/2024\/10\/DSCF7577-1536x1024.jpg 1536w, https:\/\/www.concert-hosteldieu.com\/wp-content\/uploads\/2024\/10\/DSCF7577-18x12.jpg 18w, https:\/\/www.concert-hosteldieu.com\/wp-content\/uploads\/2024\/10\/DSCF7577-24x16.jpg 24w, https:\/\/www.concert-hosteldieu.com\/wp-content\/uploads\/2024\/10\/DSCF7577-36x24.jpg 36w, https:\/\/www.concert-hosteldieu.com\/wp-content\/uploads\/2024\/10\/DSCF7577-48x32.jpg 48w, https:\/\/www.concert-hosteldieu.com\/wp-content\/uploads\/2024\/10\/DSCF7577-500x333.jpg 500w, https:\/\/www.concert-hosteldieu.com\/wp-content\/uploads\/2024\/10\/DSCF7577-700x467.jpg 700w, https:\/\/www.concert-hosteldieu.com\/wp-content\/uploads\/2024\/10\/DSCF7577.jpg 1920w\" sizes=\"auto, (max-width: 317px) 100vw, 317px\" \/>With the ambition of offering a renewed vision of the Baroque repertoire, we have chosen to invite local players in the performing arts to join us, as well as international partners and artists whose spirit of openness we share and which has characterised us since the founding of our orchestra.<\/p>\n<p>&nbsp;<\/p>\n<p><span style=\"font-size: 16px;\">One of these is the Superspectives festival, whose activities, dedicated to contemporary music, previously took place at the Maison de Lorette on the hillsides of Fourvi\u00e8re. Superspectives will have a special place in the project, as we will be invited to join in and share in the programming choices, blending the baroque repertoire with contemporary aesthetics.<\/span><\/p>\n<p>Together, we have decided to create a new entity, which, in a collaborative spirit, will manage the artistic activities of the Chapelle de la Trinit\u00e9: the Lyon Trinit\u00e9 Musique association. Under the chairmanship of Jacques de Chilly, this new entity will be steered by a Strategic Committee made up of Camille Rhonat and Fran\u00e7ois Mardirossian (co-founders of Superspectives), Camille Chabanon (formerly General Administrator of the Concert de l'Hostel Dieu) and Franck-Emmanuel Comte as Artistic Director.<\/p>\n<p>At the heart of the programme will be concerts by our orchestra, which will be in residence, as well as musical offerings from the finest French and European baroque ensembles. For this first season, we will be welcoming le Po\u00e8me Harmonique, les Folies Fran\u00e7aises, les Pages et les Chantres du Centre de Musique baroque de Versailles, Montreal's Arion Orchestra, the Helsinki Baroque Orchestra, A Nocte Temporis, the Kapsber'girls, and many others...<\/p>\n<p>All the concerts for the 2024-2025 season of the Concert de l'Hostel Dieu will therefore take place in the Chapelle de la Trinit\u00e9 from November (with the exception of the Un Angelo del Paradiso and Prima Donna concerts). The programme has now been released and can be found on the Trinit\u00e9 website: <a class=\"link-build-content\" href=\"https:\/\/trinitelyon.com\/\" target=\"_blank\" rel=\"noopener\"><u>trinitelyon.com<\/u><\/a><\/p>","protected":false},"excerpt":{"rendered":"<p>Une nouvelle page se tourne pour le Concert de l\u2019Hostel Dieu : la M\u00e9tropole et la Ville de Lyon ont d\u00e9cid\u00e9 de nous confier la gestion et l\u2019animation de la Chapelle de la Trinite\u0301, joyaux du baroque architectural lyonnais. Avec [&hellip;]<\/p>\n","protected":false},"author":2776,"featured_media":22694,"comment_status":"closed","ping_status":"closed","sticky":false,"template":"","format":"standard","meta":{"site-sidebar-layout":"default","site-content-layout":null,"ast-site-content-layout":"default","site-content-style":"default","site-sidebar-style":"default","ast-global-header-display":"","ast-banner-title-visibility":"","ast-main-header-display":"","ast-hfb-above-header-display":null,"ast-hfb-below-header-display":null,"ast-hfb-mobile-header-display":"","site-post-title":"","ast-breadcrumbs-content":null,"ast-featured-img":"","footer-sml-layout":"","ast-disable-related-posts":"","theme-transparent-header-meta":"default","adv-header-id-meta":"","stick-header-meta":"default","header-above-stick-meta":null,"header-main-stick-meta":"","header-below-stick-meta":null,"astra-migrate-meta-layouts":"set","ast-page-background-enabled":"default","ast-page-background-meta":{"desktop":{"background-color":"","background-image":"","background-repeat":"repeat","background-position":"center center","background-size":"auto","background-attachment":"scroll","background-type":"","background-media":"","overlay-type":"","overlay-color":"","overlay-opacity":"","overlay-gradient":""},"tablet":{"background-color":"","background-image":"","background-repeat":"repeat","background-position":"center center","background-size":"auto","background-attachment":"scroll","background-type":"","background-media":"","overlay-type":"","overlay-color":"","overlay-opacity":"","overlay-gradient":""},"mobile":{"background-color":"","background-image":"","background-repeat":"repeat","background-position":"center center","background-size":"auto","background-attachment":"scroll","background-type":"","background-media":"","overlay-type":"","overlay-color":"","overlay-opacity":"","overlay-gradient":""}},"ast-content-background-meta":{"desktop":{"background-color":"var(--ast-global-color-5)","background-image":"","background-repeat":"repeat","background-position":"center center","background-size":"auto","background-attachment":"scroll","background-type":"","background-media":"","overlay-type":"","overlay-color":"","overlay-opacity":"","overlay-gradient":""},"tablet":{"background-color":"var(--ast-global-color-5)","background-image":"","background-repeat":"repeat","background-position":"center center","background-size":"auto","background-attachment":"scroll","background-type":"","background-media":"","overlay-type":"","overlay-color":"","overlay-opacity":"","overlay-gradient":""},"mobile":{"background-color":"var(--ast-global-color-5)","background-image":"","background-repeat":"repeat","background-position":"center center","background-size":"auto","background-attachment":"scroll","background-type":"","background-media":"","overlay-type":"","overlay-color":"","overlay-opacity":"","overlay-gradient":""}},"footnotes":""},"categories":[410],"tags":[],"class_list":["post-22934","post","type-post","status-publish","format-standard","has-post-thumbnail","hentry","category-saison-lyonnaise"],"yoast_head":"<!-- This site is optimized with the Yoast SEO plugin v27.5 - https:\/\/yoast.com\/product\/yoast-seo-wordpress\/ -->\n<title>Le Concert de l&#039;Hostel Dieu \u00e0 la Chapelle de la Trinit\u00e9 - Le Concert de l&#039;Hostel Dieu<\/title>\n<meta name=\"description\" content=\"D\u00e9couvrez le lancement de la nouvelle saison lyonnaise 2024-2025 \u00e0 la Chapelle de la Trinit\u00e9 !\" \/>\n<meta name=\"robots\" content=\"index, follow, max-snippet:-1, max-image-preview:large, max-video-preview:-1\" \/>\n<link rel=\"canonical\" href=\"https:\/\/www.concert-hosteldieu.com\/en\/chd-trinite\/\" \/>\n<meta property=\"og:locale\" content=\"en_GB\" \/>\n<meta property=\"og:type\" content=\"article\" \/>\n<meta property=\"og:title\" content=\"Le Concert de l&#039;Hostel Dieu \u00e0 la Chapelle de la Trinit\u00e9 - Le Concert de l&#039;Hostel Dieu\" \/>\n<meta property=\"og:description\" content=\"D\u00e9couvrez le lancement de la nouvelle saison lyonnaise 2024-2025 \u00e0 la Chapelle de la Trinit\u00e9 !\" \/>\n<meta property=\"og:url\" content=\"https:\/\/www.concert-hosteldieu.com\/en\/chd-trinite\/\" \/>\n<meta property=\"og:site_name\" content=\"Le Concert de l&#039;Hostel Dieu\" \/>\n<meta property=\"article:publisher\" content=\"https:\/\/www.facebook.com\/leconcert.delhosteldieu\" \/>\n<meta property=\"article:published_time\" content=\"2024-10-03T09:00:59+00:00\" \/>\n<meta property=\"article:modified_time\" content=\"2025-09-19T10:51:58+00:00\" \/>\n<meta property=\"og:image\" content=\"https:\/\/www.concert-hosteldieu.com\/wp-content\/uploads\/2024\/12\/CHD-Trinite-groupes-web-7.jpg\" \/>\n\t<meta property=\"og:image:width\" content=\"1920\" \/>\n\t<meta property=\"og:image:height\" content=\"1280\" \/>\n\t<meta property=\"og:image:type\" content=\"image\/jpeg\" \/>\n<meta name=\"author\" content=\"refontesiteCHD\" \/>\n<meta name=\"twitter:label1\" content=\"Written by\" \/>\n\t<meta name=\"twitter:data1\" content=\"refontesiteCHD\" \/>\n\t<meta name=\"twitter:label2\" content=\"Estimated reading time\" \/>\n\t<meta name=\"twitter:data2\" content=\"3 minutes\" \/>\n<script type=\"application\/ld+json\" class=\"yoast-schema-graph\">{\"@context\":\"https:\\\/\\\/schema.org\",\"@graph\":[{\"@type\":\"Article\",\"@id\":\"https:\\\/\\\/www.concert-hosteldieu.com\\\/chd-trinite\\\/#article\",\"isPartOf\":{\"@id\":\"https:\\\/\\\/www.concert-hosteldieu.com\\\/chd-trinite\\\/\"},\"author\":{\"name\":\"refontesiteCHD\",\"@id\":\"https:\\\/\\\/www.concert-hosteldieu.com\\\/#\\\/schema\\\/person\\\/be4a42522a14807ffbf942c1c16b80eb\"},\"headline\":\"Le Concert de l&rsquo;Hostel Dieu \u00e0 la Chapelle de la Trinit\u00e9\",\"datePublished\":\"2024-10-03T09:00:59+00:00\",\"dateModified\":\"2025-09-19T10:51:58+00:00\",\"mainEntityOfPage\":{\"@id\":\"https:\\\/\\\/www.concert-hosteldieu.com\\\/chd-trinite\\\/\"},\"wordCount\":390,\"publisher\":{\"@id\":\"https:\\\/\\\/www.concert-hosteldieu.com\\\/#organization\"},\"image\":{\"@id\":\"https:\\\/\\\/www.concert-hosteldieu.com\\\/chd-trinite\\\/#primaryimage\"},\"thumbnailUrl\":\"https:\\\/\\\/www.concert-hosteldieu.com\\\/wp-content\\\/uploads\\\/2024\\\/12\\\/CHD-Trinite-groupes-web-7.jpg\",\"articleSection\":[\"Saison lyonnaise\"],\"inLanguage\":\"en-GB\"},{\"@type\":\"WebPage\",\"@id\":\"https:\\\/\\\/www.concert-hosteldieu.com\\\/chd-trinite\\\/\",\"url\":\"https:\\\/\\\/www.concert-hosteldieu.com\\\/chd-trinite\\\/\",\"name\":\"Le Concert de l'Hostel Dieu \u00e0 la Chapelle de la Trinit\u00e9 - Le Concert de l&#039;Hostel Dieu\",\"isPartOf\":{\"@id\":\"https:\\\/\\\/www.concert-hosteldieu.com\\\/#website\"},\"primaryImageOfPage\":{\"@id\":\"https:\\\/\\\/www.concert-hosteldieu.com\\\/chd-trinite\\\/#primaryimage\"},\"image\":{\"@id\":\"https:\\\/\\\/www.concert-hosteldieu.com\\\/chd-trinite\\\/#primaryimage\"},\"thumbnailUrl\":\"https:\\\/\\\/www.concert-hosteldieu.com\\\/wp-content\\\/uploads\\\/2024\\\/12\\\/CHD-Trinite-groupes-web-7.jpg\",\"datePublished\":\"2024-10-03T09:00:59+00:00\",\"dateModified\":\"2025-09-19T10:51:58+00:00\",\"description\":\"D\u00e9couvrez le lancement de la nouvelle saison lyonnaise 2024-2025 \u00e0 la Chapelle de la Trinit\u00e9 !\",\"breadcrumb\":{\"@id\":\"https:\\\/\\\/www.concert-hosteldieu.com\\\/chd-trinite\\\/#breadcrumb\"},\"inLanguage\":\"en-GB\",\"potentialAction\":[{\"@type\":\"ReadAction\",\"target\":[\"https:\\\/\\\/www.concert-hosteldieu.com\\\/chd-trinite\\\/\"]}]},{\"@type\":\"ImageObject\",\"inLanguage\":\"en-GB\",\"@id\":\"https:\\\/\\\/www.concert-hosteldieu.com\\\/chd-trinite\\\/#primaryimage\",\"url\":\"https:\\\/\\\/www.concert-hosteldieu.com\\\/wp-content\\\/uploads\\\/2024\\\/12\\\/CHD-Trinite-groupes-web-7.jpg\",\"contentUrl\":\"https:\\\/\\\/www.concert-hosteldieu.com\\\/wp-content\\\/uploads\\\/2024\\\/12\\\/CHD-Trinite-groupes-web-7.jpg\",\"width\":1920,\"height\":1280,\"caption\":\"\u00a9Julie Cherki\"},{\"@type\":\"BreadcrumbList\",\"@id\":\"https:\\\/\\\/www.concert-hosteldieu.com\\\/chd-trinite\\\/#breadcrumb\",\"itemListElement\":[{\"@type\":\"ListItem\",\"position\":1,\"name\":\"Accueil\",\"item\":\"https:\\\/\\\/www.concert-hosteldieu.com\\\/\"},{\"@type\":\"ListItem\",\"position\":2,\"name\":\"Le Concert de l&rsquo;Hostel Dieu \u00e0 la Chapelle de la Trinit\u00e9\"}]},{\"@type\":\"WebSite\",\"@id\":\"https:\\\/\\\/www.concert-hosteldieu.com\\\/#website\",\"url\":\"https:\\\/\\\/www.concert-hosteldieu.com\\\/\",\"name\":\"Le Concert de l&#039;Hostel Dieu\",\"description\":\"Franck-Emmanuel Comte\",\"publisher\":{\"@id\":\"https:\\\/\\\/www.concert-hosteldieu.com\\\/#organization\"},\"potentialAction\":[{\"@type\":\"SearchAction\",\"target\":{\"@type\":\"EntryPoint\",\"urlTemplate\":\"https:\\\/\\\/www.concert-hosteldieu.com\\\/?s={search_term_string}\"},\"query-input\":{\"@type\":\"PropertyValueSpecification\",\"valueRequired\":true,\"valueName\":\"search_term_string\"}}],\"inLanguage\":\"en-GB\"},{\"@type\":\"Organization\",\"@id\":\"https:\\\/\\\/www.concert-hosteldieu.com\\\/#organization\",\"name\":\"Le Concert de l'Hostel Dieu\",\"url\":\"https:\\\/\\\/www.concert-hosteldieu.com\\\/\",\"logo\":{\"@type\":\"ImageObject\",\"inLanguage\":\"en-GB\",\"@id\":\"https:\\\/\\\/www.concert-hosteldieu.com\\\/#\\\/schema\\\/logo\\\/image\\\/\",\"url\":\"https:\\\/\\\/www.concert-hosteldieu.com\\\/wp-content\\\/uploads\\\/2021\\\/06\\\/logo-chd-noir-transparent.png\",\"contentUrl\":\"https:\\\/\\\/www.concert-hosteldieu.com\\\/wp-content\\\/uploads\\\/2021\\\/06\\\/logo-chd-noir-transparent.png\",\"width\":262,\"height\":106,\"caption\":\"Le Concert de l'Hostel Dieu\"},\"image\":{\"@id\":\"https:\\\/\\\/www.concert-hosteldieu.com\\\/#\\\/schema\\\/logo\\\/image\\\/\"},\"sameAs\":[\"https:\\\/\\\/www.facebook.com\\\/leconcert.delhosteldieu\",\"https:\\\/\\\/x.com\\\/CHDLyon\",\"https:\\\/\\\/instagram.com\\\/concert_hostel_dieu\",\"https:\\\/\\\/www.linkedin.com\\\/company\\\/le-concert-de-l'hostel-dieu\\\/\",\"https:\\\/\\\/www.youtube.com\\\/user\\\/CHDLyon\"]},{\"@type\":\"Person\",\"@id\":\"https:\\\/\\\/www.concert-hosteldieu.com\\\/#\\\/schema\\\/person\\\/be4a42522a14807ffbf942c1c16b80eb\",\"name\":\"refontesiteCHD\",\"image\":{\"@type\":\"ImageObject\",\"inLanguage\":\"en-GB\",\"@id\":\"https:\\\/\\\/secure.gravatar.com\\\/avatar\\\/cbf88c90f1a507085efd88c27d77cdefaa6fb0c531d9570d363750a0871e5dad?s=96&d=identicon&r=g\",\"url\":\"https:\\\/\\\/secure.gravatar.com\\\/avatar\\\/cbf88c90f1a507085efd88c27d77cdefaa6fb0c531d9570d363750a0871e5dad?s=96&d=identicon&r=g\",\"contentUrl\":\"https:\\\/\\\/secure.gravatar.com\\\/avatar\\\/cbf88c90f1a507085efd88c27d77cdefaa6fb0c531d9570d363750a0871e5dad?s=96&d=identicon&r=g\",\"caption\":\"refontesiteCHD\"},\"url\":\"https:\\\/\\\/www.concert-hosteldieu.com\\\/en\\\/author\\\/refontesitechd\\\/\"}]}<\/script>\n<!-- \/ Yoast SEO plugin. -->","yoast_head_json":{"title":"Le Concert de l'Hostel Dieu \u00e0 la Chapelle de la Trinit\u00e9 - Le Concert de l&#039;Hostel Dieu","description":"D\u00e9couvrez le lancement de la nouvelle saison lyonnaise 2024-2025 \u00e0 la Chapelle de la Trinit\u00e9 !","robots":{"index":"index","follow":"follow","max-snippet":"max-snippet:-1","max-image-preview":"max-image-preview:large","max-video-preview":"max-video-preview:-1"},"canonical":"https:\/\/www.concert-hosteldieu.com\/en\/chd-trinite\/","og_locale":"en_GB","og_type":"article","og_title":"Le Concert de l'Hostel Dieu \u00e0 la Chapelle de la Trinit\u00e9 - Le Concert de l&#039;Hostel Dieu","og_description":"D\u00e9couvrez le lancement de la nouvelle saison lyonnaise 2024-2025 \u00e0 la Chapelle de la Trinit\u00e9 !","og_url":"https:\/\/www.concert-hosteldieu.com\/en\/chd-trinite\/","og_site_name":"Le Concert de l&#039;Hostel Dieu","article_publisher":"https:\/\/www.facebook.com\/leconcert.delhosteldieu","article_published_time":"2024-10-03T09:00:59+00:00","article_modified_time":"2025-09-19T10:51:58+00:00","og_image":[{"width":1920,"height":1280,"url":"https:\/\/www.concert-hosteldieu.com\/wp-content\/uploads\/2024\/12\/CHD-Trinite-groupes-web-7.jpg","type":"image\/jpeg"}],"author":"refontesiteCHD","twitter_misc":{"Written by":"refontesiteCHD","Estimated reading time":"3 minutes"},"schema":{"@context":"https:\/\/schema.org","@graph":[{"@type":"Article","@id":"https:\/\/www.concert-hosteldieu.com\/chd-trinite\/#article","isPartOf":{"@id":"https:\/\/www.concert-hosteldieu.com\/chd-trinite\/"},"author":{"name":"refontesiteCHD","@id":"https:\/\/www.concert-hosteldieu.com\/#\/schema\/person\/be4a42522a14807ffbf942c1c16b80eb"},"headline":"Le Concert de l&rsquo;Hostel Dieu \u00e0 la Chapelle de la Trinit\u00e9","datePublished":"2024-10-03T09:00:59+00:00","dateModified":"2025-09-19T10:51:58+00:00","mainEntityOfPage":{"@id":"https:\/\/www.concert-hosteldieu.com\/chd-trinite\/"},"wordCount":390,"publisher":{"@id":"https:\/\/www.concert-hosteldieu.com\/#organization"},"image":{"@id":"https:\/\/www.concert-hosteldieu.com\/chd-trinite\/#primaryimage"},"thumbnailUrl":"https:\/\/www.concert-hosteldieu.com\/wp-content\/uploads\/2024\/12\/CHD-Trinite-groupes-web-7.jpg","articleSection":["Saison lyonnaise"],"inLanguage":"en-GB"},{"@type":"WebPage","@id":"https:\/\/www.concert-hosteldieu.com\/chd-trinite\/","url":"https:\/\/www.concert-hosteldieu.com\/chd-trinite\/","name":"Le Concert de l'Hostel Dieu \u00e0 la Chapelle de la Trinit\u00e9 - Le Concert de l&#039;Hostel Dieu","isPartOf":{"@id":"https:\/\/www.concert-hosteldieu.com\/#website"},"primaryImageOfPage":{"@id":"https:\/\/www.concert-hosteldieu.com\/chd-trinite\/#primaryimage"},"image":{"@id":"https:\/\/www.concert-hosteldieu.com\/chd-trinite\/#primaryimage"},"thumbnailUrl":"https:\/\/www.concert-hosteldieu.com\/wp-content\/uploads\/2024\/12\/CHD-Trinite-groupes-web-7.jpg","datePublished":"2024-10-03T09:00:59+00:00","dateModified":"2025-09-19T10:51:58+00:00","description":"D\u00e9couvrez le lancement de la nouvelle saison lyonnaise 2024-2025 \u00e0 la Chapelle de la Trinit\u00e9 !","breadcrumb":{"@id":"https:\/\/www.concert-hosteldieu.com\/chd-trinite\/#breadcrumb"},"inLanguage":"en-GB","potentialAction":[{"@type":"ReadAction","target":["https:\/\/www.concert-hosteldieu.com\/chd-trinite\/"]}]},{"@type":"ImageObject","inLanguage":"en-GB","@id":"https:\/\/www.concert-hosteldieu.com\/chd-trinite\/#primaryimage","url":"https:\/\/www.concert-hosteldieu.com\/wp-content\/uploads\/2024\/12\/CHD-Trinite-groupes-web-7.jpg","contentUrl":"https:\/\/www.concert-hosteldieu.com\/wp-content\/uploads\/2024\/12\/CHD-Trinite-groupes-web-7.jpg","width":1920,"height":1280,"caption":"\u00a9Julie Cherki"},{"@type":"BreadcrumbList","@id":"https:\/\/www.concert-hosteldieu.com\/chd-trinite\/#breadcrumb","itemListElement":[{"@type":"ListItem","position":1,"name":"Accueil","item":"https:\/\/www.concert-hosteldieu.com\/"},{"@type":"ListItem","position":2,"name":"Le Concert de l&rsquo;Hostel Dieu \u00e0 la Chapelle de la Trinit\u00e9"}]},{"@type":"WebSite","@id":"https:\/\/www.concert-hosteldieu.com\/#website","url":"https:\/\/www.concert-hosteldieu.com\/","name":"Le Concert de l&#039;Hostel Dieu","description":"Franck-Emmanuel Comte","publisher":{"@id":"https:\/\/www.concert-hosteldieu.com\/#organization"},"potentialAction":[{"@type":"SearchAction","target":{"@type":"EntryPoint","urlTemplate":"https:\/\/www.concert-hosteldieu.com\/?s={search_term_string}"},"query-input":{"@type":"PropertyValueSpecification","valueRequired":true,"valueName":"search_term_string"}}],"inLanguage":"en-GB"},{"@type":"Organization","@id":"https:\/\/www.concert-hosteldieu.com\/#organization","name":"Le Concert de l'Hostel Dieu","url":"https:\/\/www.concert-hosteldieu.com\/","logo":{"@type":"ImageObject","inLanguage":"en-GB","@id":"https:\/\/www.concert-hosteldieu.com\/#\/schema\/logo\/image\/","url":"https:\/\/www.concert-hosteldieu.com\/wp-content\/uploads\/2021\/06\/logo-chd-noir-transparent.png","contentUrl":"https:\/\/www.concert-hosteldieu.com\/wp-content\/uploads\/2021\/06\/logo-chd-noir-transparent.png","width":262,"height":106,"caption":"Le Concert de l'Hostel Dieu"},"image":{"@id":"https:\/\/www.concert-hosteldieu.com\/#\/schema\/logo\/image\/"},"sameAs":["https:\/\/www.facebook.com\/leconcert.delhosteldieu","https:\/\/x.com\/CHDLyon","https:\/\/instagram.com\/concert_hostel_dieu","https:\/\/www.linkedin.com\/company\/le-concert-de-l'hostel-dieu\/","https:\/\/www.youtube.com\/user\/CHDLyon"]},{"@type":"Person","@id":"https:\/\/www.concert-hosteldieu.com\/#\/schema\/person\/be4a42522a14807ffbf942c1c16b80eb","name":"refontesiteCHD","image":{"@type":"ImageObject","inLanguage":"en-GB","@id":"https:\/\/secure.gravatar.com\/avatar\/cbf88c90f1a507085efd88c27d77cdefaa6fb0c531d9570d363750a0871e5dad?s=96&d=identicon&r=g","url":"https:\/\/secure.gravatar.com\/avatar\/cbf88c90f1a507085efd88c27d77cdefaa6fb0c531d9570d363750a0871e5dad?s=96&d=identicon&r=g","contentUrl":"https:\/\/secure.gravatar.com\/avatar\/cbf88c90f1a507085efd88c27d77cdefaa6fb0c531d9570d363750a0871e5dad?s=96&d=identicon&r=g","caption":"refontesiteCHD"},"url":"https:\/\/www.concert-hosteldieu.com\/en\/author\/refontesitechd\/"}]}},"_links":{"self":[{"href":"https:\/\/www.concert-hosteldieu.com\/en\/wp-json\/wp\/v2\/posts\/22934","targetHints":{"allow":["GET"]}}],"collection":[{"href":"https:\/\/www.concert-hosteldieu.com\/en\/wp-json\/wp\/v2\/posts"}],"about":[{"href":"https:\/\/www.concert-hosteldieu.com\/en\/wp-json\/wp\/v2\/types\/post"}],"author":[{"embeddable":true,"href":"https:\/\/www.concert-hosteldieu.com\/en\/wp-json\/wp\/v2\/users\/2776"}],"replies":[{"embeddable":true,"href":"https:\/\/www.concert-hosteldieu.com\/en\/wp-json\/wp\/v2\/comments?post=22934"}],"version-history":[{"count":5,"href":"https:\/\/www.concert-hosteldieu.com\/en\/wp-json\/wp\/v2\/posts\/22934\/revisions"}],"predecessor-version":[{"id":23142,"href":"https:\/\/www.concert-hosteldieu.com\/en\/wp-json\/wp\/v2\/posts\/22934\/revisions\/23142"}],"wp:featuredmedia":[{"embeddable":true,"href":"https:\/\/www.concert-hosteldieu.com\/en\/wp-json\/wp\/v2\/media\/22694"}],"wp:attachment":[{"href":"https:\/\/www.concert-hosteldieu.com\/en\/wp-json\/wp\/v2\/media?parent=22934"}],"wp:term":[{"taxonomy":"category","embeddable":true,"href":"https:\/\/www.concert-hosteldieu.com\/en\/wp-json\/wp\/v2\/categories?post=22934"},{"taxonomy":"post_tag","embeddable":true,"href":"https:\/\/www.concert-hosteldieu.com\/en\/wp-json\/wp\/v2\/tags?post=22934"}],"curies":[{"name":"wp","href":"https:\/\/api.w.org\/{rel}","templated":true}]}}