{"id":23159,"date":"2025-03-18T12:43:56","date_gmt":"2025-03-18T11:43:56","guid":{"rendered":"https:\/\/www.concert-hosteldieu.com\/?p=23159"},"modified":"2025-09-19T11:52:19","modified_gmt":"2025-09-19T10:52:19","slug":"les-fantomes-dhamlet-tournee-journal-de-bord","status":"publish","type":"post","link":"http:\/\/www.concert-hosteldieu.com\/en\/les-fantomes-dhamlet-tournee-journal-de-bord\/","title":{"rendered":"Les Fant\u00f4mes d&rsquo;Hamlet en tourn\u00e9e &#8211; Le journal de bord"},"content":{"rendered":"<h3 style=\"text-align: center;\">18 f\u00e9vrier &#8211; La Trinit\u00e9, Lyon<\/h3>\n<p style=\"text-align: center;\">Notre production <a href=\"https:\/\/www.concert-hosteldieu.com\/en\/nos-productions\/fantomes-d-hamlet\/\" target=\"_blank\" rel=\"noopener\"><em>Les Fant\u00f4mes d\u2019Hamlet<\/em><\/a> a fait ses premiers pas au sein de la <a href=\"https:\/\/trinitelyon.com\/projet\/?section=projet\" target=\"_blank\" rel=\"noopener\">Chapelle de la Trinit\u00e9<\/a>. Une premi\u00e8re mondiale charg\u00e9e d\u2019\u00e9motion, marquant le d\u00e9but d\u2019une belle aventure musicale !<\/p>\n<p style=\"text-align: center;\"><img loading=\"lazy\" decoding=\"async\" class=\"wp-image-23160\" src=\"https:\/\/www.concert-hosteldieu.com\/wp-content\/uploads\/2025\/03\/2025.02.18-La-Trinite-Les-Fantomes-dHamlet-222338-@william.sundfor-300x200.jpg\" alt=\"\" width=\"697\" height=\"464\" srcset=\"https:\/\/www.concert-hosteldieu.com\/wp-content\/uploads\/2025\/03\/2025.02.18-La-Trinite-Les-Fantomes-dHamlet-222338-@william.sundfor-300x200.jpg 300w, https:\/\/www.concert-hosteldieu.com\/wp-content\/uploads\/2025\/03\/2025.02.18-La-Trinite-Les-Fantomes-dHamlet-222338-@william.sundfor-1024x683.jpg 1024w, https:\/\/www.concert-hosteldieu.com\/wp-content\/uploads\/2025\/03\/2025.02.18-La-Trinite-Les-Fantomes-dHamlet-222338-@william.sundfor-768x512.jpg 768w, https:\/\/www.concert-hosteldieu.com\/wp-content\/uploads\/2025\/03\/2025.02.18-La-Trinite-Les-Fantomes-dHamlet-222338-@william.sundfor-1536x1024.jpg 1536w, https:\/\/www.concert-hosteldieu.com\/wp-content\/uploads\/2025\/03\/2025.02.18-La-Trinite-Les-Fantomes-dHamlet-222338-@william.sundfor-18x12.jpg 18w, https:\/\/www.concert-hosteldieu.com\/wp-content\/uploads\/2025\/03\/2025.02.18-La-Trinite-Les-Fantomes-dHamlet-222338-@william.sundfor-24x16.jpg 24w, https:\/\/www.concert-hosteldieu.com\/wp-content\/uploads\/2025\/03\/2025.02.18-La-Trinite-Les-Fantomes-dHamlet-222338-@william.sundfor-36x24.jpg 36w, https:\/\/www.concert-hosteldieu.com\/wp-content\/uploads\/2025\/03\/2025.02.18-La-Trinite-Les-Fantomes-dHamlet-222338-@william.sundfor-48x32.jpg 48w, https:\/\/www.concert-hosteldieu.com\/wp-content\/uploads\/2025\/03\/2025.02.18-La-Trinite-Les-Fantomes-dHamlet-222338-@william.sundfor-500x333.jpg 500w, https:\/\/www.concert-hosteldieu.com\/wp-content\/uploads\/2025\/03\/2025.02.18-La-Trinite-Les-Fantomes-dHamlet-222338-@william.sundfor-700x467.jpg 700w, https:\/\/www.concert-hosteldieu.com\/wp-content\/uploads\/2025\/03\/2025.02.18-La-Trinite-Les-Fantomes-dHamlet-222338-@william.sundfor.jpg 1920w\" sizes=\"auto, (max-width: 697px) 100vw, 697px\" \/><\/p>\n<hr \/>\n<h3 style=\"text-align: center;\">20 f\u00e9vrier &#8211; Namur, Belgique<\/h3>\n<p style=\"text-align: center;\">Premi\u00e8re escale de la tourn\u00e9e europ\u00e9enne au <a href=\"https:\/\/grandmanege.be\/fr\" target=\"_blank\" rel=\"noopener\">Grand Man\u00e8ge<\/a> de Namur. <a href=\"https:\/\/www.concert-hosteldieu.com\/en\/nos-musiciens\/roberta-mameli\/\" target=\"_blank\" rel=\"noopener\">Roberta Mameli<\/a> et sa l\u00e9gendaire robe rose ont une fois de plus illumin\u00e9 la sc\u00e8ne\u2026 Vous l\u2019avez peut-\u00eatre d\u00e9j\u00e0 aper\u00e7ue sur la <a href=\"https:\/\/www.concert-hosteldieu.com\/en\/product\/fantomes-hamlet\/\" target=\"_blank\" rel=\"noopener\">pochette de l&rsquo;album<\/a> !<\/p>\n<p style=\"text-align: center;\"><img loading=\"lazy\" decoding=\"async\" class=\"alignnone wp-image-23166\" src=\"https:\/\/www.concert-hosteldieu.com\/wp-content\/uploads\/2025\/03\/Fantomes-d-Hamlet@Alexandra-Syskova-16-300x200.jpg\" alt=\"\" width=\"710\" height=\"473\" srcset=\"https:\/\/www.concert-hosteldieu.com\/wp-content\/uploads\/2025\/03\/Fantomes-d-Hamlet@Alexandra-Syskova-16-300x200.jpg 300w, https:\/\/www.concert-hosteldieu.com\/wp-content\/uploads\/2025\/03\/Fantomes-d-Hamlet@Alexandra-Syskova-16-1024x683.jpg 1024w, https:\/\/www.concert-hosteldieu.com\/wp-content\/uploads\/2025\/03\/Fantomes-d-Hamlet@Alexandra-Syskova-16-768x512.jpg 768w, https:\/\/www.concert-hosteldieu.com\/wp-content\/uploads\/2025\/03\/Fantomes-d-Hamlet@Alexandra-Syskova-16-1536x1024.jpg 1536w, https:\/\/www.concert-hosteldieu.com\/wp-content\/uploads\/2025\/03\/Fantomes-d-Hamlet@Alexandra-Syskova-16-18x12.jpg 18w, https:\/\/www.concert-hosteldieu.com\/wp-content\/uploads\/2025\/03\/Fantomes-d-Hamlet@Alexandra-Syskova-16-24x16.jpg 24w, https:\/\/www.concert-hosteldieu.com\/wp-content\/uploads\/2025\/03\/Fantomes-d-Hamlet@Alexandra-Syskova-16-36x24.jpg 36w, https:\/\/www.concert-hosteldieu.com\/wp-content\/uploads\/2025\/03\/Fantomes-d-Hamlet@Alexandra-Syskova-16-48x32.jpg 48w, https:\/\/www.concert-hosteldieu.com\/wp-content\/uploads\/2025\/03\/Fantomes-d-Hamlet@Alexandra-Syskova-16-500x333.jpg 500w, https:\/\/www.concert-hosteldieu.com\/wp-content\/uploads\/2025\/03\/Fantomes-d-Hamlet@Alexandra-Syskova-16-700x467.jpg 700w, https:\/\/www.concert-hosteldieu.com\/wp-content\/uploads\/2025\/03\/Fantomes-d-Hamlet@Alexandra-Syskova-16.jpg 1920w\" sizes=\"auto, (max-width: 710px) 100vw, 710px\" \/><\/p>\n<p style=\"text-align: center;\"><img loading=\"lazy\" decoding=\"async\" class=\"https:\/\/www.concert-hosteldieu.com\/produit\/fantomes-hamlet\/ wp-image-23167 aligncenter\" src=\"https:\/\/www.concert-hosteldieu.com\/wp-content\/uploads\/2025\/03\/CD-Cover_The-Ghosts-of-Hamlet-300x270.jpg\" alt=\"\" width=\"386\" height=\"348\" srcset=\"https:\/\/www.concert-hosteldieu.com\/wp-content\/uploads\/2025\/03\/CD-Cover_The-Ghosts-of-Hamlet-300x270.jpg 300w, https:\/\/www.concert-hosteldieu.com\/wp-content\/uploads\/2025\/03\/CD-Cover_The-Ghosts-of-Hamlet-1024x921.jpg 1024w, https:\/\/www.concert-hosteldieu.com\/wp-content\/uploads\/2025\/03\/CD-Cover_The-Ghosts-of-Hamlet-768x691.jpg 768w, https:\/\/www.concert-hosteldieu.com\/wp-content\/uploads\/2025\/03\/CD-Cover_The-Ghosts-of-Hamlet-1536x1382.jpg 1536w, https:\/\/www.concert-hosteldieu.com\/wp-content\/uploads\/2025\/03\/CD-Cover_The-Ghosts-of-Hamlet-13x12.jpg 13w, https:\/\/www.concert-hosteldieu.com\/wp-content\/uploads\/2025\/03\/CD-Cover_The-Ghosts-of-Hamlet-24x22.jpg 24w, https:\/\/www.concert-hosteldieu.com\/wp-content\/uploads\/2025\/03\/CD-Cover_The-Ghosts-of-Hamlet-36x32.jpg 36w, https:\/\/www.concert-hosteldieu.com\/wp-content\/uploads\/2025\/03\/CD-Cover_The-Ghosts-of-Hamlet-48x43.jpg 48w, https:\/\/www.concert-hosteldieu.com\/wp-content\/uploads\/2025\/03\/CD-Cover_The-Ghosts-of-Hamlet-500x450.jpg 500w, https:\/\/www.concert-hosteldieu.com\/wp-content\/uploads\/2025\/03\/CD-Cover_The-Ghosts-of-Hamlet-700x630.jpg 700w, https:\/\/www.concert-hosteldieu.com\/wp-content\/uploads\/2025\/03\/CD-Cover_The-Ghosts-of-Hamlet.jpg 1920w\" sizes=\"auto, (max-width: 386px) 100vw, 386px\" \/><\/p>\n<hr \/>\n<h3 style=\"text-align: center;\">22 f\u00e9vrier &#8211; Helsinki, Finlande<\/h3>\n<p style=\"text-align: center;\">Puis un d\u00e9tour par les paysages enneig\u00e9s du Nord chez nos amis du <a href=\"https:\/\/musiikkitalo.fi\/en\/\" target=\"_blank\" rel=\"noopener\">Musiikkitalo<\/a>&#8230;<\/p>\n<p style=\"text-align: center;\"><img loading=\"lazy\" decoding=\"async\" class=\"alignnone wp-image-23168\" src=\"https:\/\/www.concert-hosteldieu.com\/wp-content\/uploads\/2025\/03\/WhatsApp-Image-2025-03-07-a-14.40.25_58fb3724-300x225.jpg\" alt=\"\" width=\"546\" height=\"409\" srcset=\"https:\/\/www.concert-hosteldieu.com\/wp-content\/uploads\/2025\/03\/WhatsApp-Image-2025-03-07-a-14.40.25_58fb3724-300x225.jpg 300w, https:\/\/www.concert-hosteldieu.com\/wp-content\/uploads\/2025\/03\/WhatsApp-Image-2025-03-07-a-14.40.25_58fb3724-1024x768.jpg 1024w, https:\/\/www.concert-hosteldieu.com\/wp-content\/uploads\/2025\/03\/WhatsApp-Image-2025-03-07-a-14.40.25_58fb3724-768x576.jpg 768w, https:\/\/www.concert-hosteldieu.com\/wp-content\/uploads\/2025\/03\/WhatsApp-Image-2025-03-07-a-14.40.25_58fb3724-1536x1152.jpg 1536w, https:\/\/www.concert-hosteldieu.com\/wp-content\/uploads\/2025\/03\/WhatsApp-Image-2025-03-07-a-14.40.25_58fb3724-16x12.jpg 16w, https:\/\/www.concert-hosteldieu.com\/wp-content\/uploads\/2025\/03\/WhatsApp-Image-2025-03-07-a-14.40.25_58fb3724-24x18.jpg 24w, https:\/\/www.concert-hosteldieu.com\/wp-content\/uploads\/2025\/03\/WhatsApp-Image-2025-03-07-a-14.40.25_58fb3724-36x27.jpg 36w, https:\/\/www.concert-hosteldieu.com\/wp-content\/uploads\/2025\/03\/WhatsApp-Image-2025-03-07-a-14.40.25_58fb3724-48x36.jpg 48w, https:\/\/www.concert-hosteldieu.com\/wp-content\/uploads\/2025\/03\/WhatsApp-Image-2025-03-07-a-14.40.25_58fb3724-500x375.jpg 500w, https:\/\/www.concert-hosteldieu.com\/wp-content\/uploads\/2025\/03\/WhatsApp-Image-2025-03-07-a-14.40.25_58fb3724-700x525.jpg 700w, https:\/\/www.concert-hosteldieu.com\/wp-content\/uploads\/2025\/03\/WhatsApp-Image-2025-03-07-a-14.40.25_58fb3724.jpg 1920w\" sizes=\"auto, (max-width: 546px) 100vw, 546px\" \/><\/p>\n<p style=\"text-align: center;\"><img loading=\"lazy\" decoding=\"async\" class=\"alignnone wp-image-23169\" src=\"https:\/\/www.concert-hosteldieu.com\/wp-content\/uploads\/2025\/03\/WhatsApp-Image-2025-03-07-a-14.40.27_202fe778-300x186.jpg\" alt=\"\" width=\"304\" height=\"189\" srcset=\"https:\/\/www.concert-hosteldieu.com\/wp-content\/uploads\/2025\/03\/WhatsApp-Image-2025-03-07-a-14.40.27_202fe778-300x186.jpg 300w, https:\/\/www.concert-hosteldieu.com\/wp-content\/uploads\/2025\/03\/WhatsApp-Image-2025-03-07-a-14.40.27_202fe778-1024x636.jpg 1024w, https:\/\/www.concert-hosteldieu.com\/wp-content\/uploads\/2025\/03\/WhatsApp-Image-2025-03-07-a-14.40.27_202fe778-768x477.jpg 768w, https:\/\/www.concert-hosteldieu.com\/wp-content\/uploads\/2025\/03\/WhatsApp-Image-2025-03-07-a-14.40.27_202fe778-1536x955.jpg 1536w, https:\/\/www.concert-hosteldieu.com\/wp-content\/uploads\/2025\/03\/WhatsApp-Image-2025-03-07-a-14.40.27_202fe778-18x12.jpg 18w, https:\/\/www.concert-hosteldieu.com\/wp-content\/uploads\/2025\/03\/WhatsApp-Image-2025-03-07-a-14.40.27_202fe778-24x15.jpg 24w, https:\/\/www.concert-hosteldieu.com\/wp-content\/uploads\/2025\/03\/WhatsApp-Image-2025-03-07-a-14.40.27_202fe778-36x22.jpg 36w, https:\/\/www.concert-hosteldieu.com\/wp-content\/uploads\/2025\/03\/WhatsApp-Image-2025-03-07-a-14.40.27_202fe778-48x30.jpg 48w, https:\/\/www.concert-hosteldieu.com\/wp-content\/uploads\/2025\/03\/WhatsApp-Image-2025-03-07-a-14.40.27_202fe778-500x311.jpg 500w, https:\/\/www.concert-hosteldieu.com\/wp-content\/uploads\/2025\/03\/WhatsApp-Image-2025-03-07-a-14.40.27_202fe778-700x435.jpg 700w, https:\/\/www.concert-hosteldieu.com\/wp-content\/uploads\/2025\/03\/WhatsApp-Image-2025-03-07-a-14.40.27_202fe778.jpg 2000w\" sizes=\"auto, (max-width: 304px) 100vw, 304px\" \/>\u00a0 \u00a0\u00a0 <img loading=\"lazy\" decoding=\"async\" class=\"alignnone wp-image-23170\" src=\"https:\/\/www.concert-hosteldieu.com\/wp-content\/uploads\/2025\/03\/WhatsApp-Image-2025-03-07-a-14.40.36_59d9eaef-300x225.jpg\" alt=\"\" width=\"254\" height=\"191\" srcset=\"https:\/\/www.concert-hosteldieu.com\/wp-content\/uploads\/2025\/03\/WhatsApp-Image-2025-03-07-a-14.40.36_59d9eaef-300x225.jpg 300w, https:\/\/www.concert-hosteldieu.com\/wp-content\/uploads\/2025\/03\/WhatsApp-Image-2025-03-07-a-14.40.36_59d9eaef-1024x768.jpg 1024w, https:\/\/www.concert-hosteldieu.com\/wp-content\/uploads\/2025\/03\/WhatsApp-Image-2025-03-07-a-14.40.36_59d9eaef-768x576.jpg 768w, https:\/\/www.concert-hosteldieu.com\/wp-content\/uploads\/2025\/03\/WhatsApp-Image-2025-03-07-a-14.40.36_59d9eaef-1536x1152.jpg 1536w, https:\/\/www.concert-hosteldieu.com\/wp-content\/uploads\/2025\/03\/WhatsApp-Image-2025-03-07-a-14.40.36_59d9eaef-16x12.jpg 16w, https:\/\/www.concert-hosteldieu.com\/wp-content\/uploads\/2025\/03\/WhatsApp-Image-2025-03-07-a-14.40.36_59d9eaef-24x18.jpg 24w, https:\/\/www.concert-hosteldieu.com\/wp-content\/uploads\/2025\/03\/WhatsApp-Image-2025-03-07-a-14.40.36_59d9eaef-36x27.jpg 36w, https:\/\/www.concert-hosteldieu.com\/wp-content\/uploads\/2025\/03\/WhatsApp-Image-2025-03-07-a-14.40.36_59d9eaef-48x36.jpg 48w, https:\/\/www.concert-hosteldieu.com\/wp-content\/uploads\/2025\/03\/WhatsApp-Image-2025-03-07-a-14.40.36_59d9eaef-500x375.jpg 500w, https:\/\/www.concert-hosteldieu.com\/wp-content\/uploads\/2025\/03\/WhatsApp-Image-2025-03-07-a-14.40.36_59d9eaef-700x525.jpg 700w, https:\/\/www.concert-hosteldieu.com\/wp-content\/uploads\/2025\/03\/WhatsApp-Image-2025-03-07-a-14.40.36_59d9eaef.jpg 1600w\" sizes=\"auto, (max-width: 254px) 100vw, 254px\" \/><\/p>\n<hr \/>\n<h3 style=\"text-align: center;\">28 f\u00e9vrier &#8211; Marseille<\/h3>\n<p style=\"text-align: center;\">Apr\u00e8s la neige d\u2019Helsinki, place au soleil m\u00e9diterran\u00e9en ! Notre soprano italienne a troqu\u00e9 son manteau contre un Spritz en bord de mer. (Et oui, on sait allier l\u2019art et le plaisir.)<\/p>\n<p style=\"text-align: center;\"><img loading=\"lazy\" decoding=\"async\" class=\"alignnone wp-image-23162\" src=\"https:\/\/www.concert-hosteldieu.com\/wp-content\/uploads\/2025\/03\/WhatsApp-Image-2025-03-07-a-14.40.42_bae36321-225x300.jpg\" alt=\"\" width=\"372\" height=\"496\" srcset=\"https:\/\/www.concert-hosteldieu.com\/wp-content\/uploads\/2025\/03\/WhatsApp-Image-2025-03-07-a-14.40.42_bae36321-225x300.jpg 225w, https:\/\/www.concert-hosteldieu.com\/wp-content\/uploads\/2025\/03\/WhatsApp-Image-2025-03-07-a-14.40.42_bae36321-768x1024.jpg 768w, https:\/\/www.concert-hosteldieu.com\/wp-content\/uploads\/2025\/03\/WhatsApp-Image-2025-03-07-a-14.40.42_bae36321-1152x1536.jpg 1152w, https:\/\/www.concert-hosteldieu.com\/wp-content\/uploads\/2025\/03\/WhatsApp-Image-2025-03-07-a-14.40.42_bae36321-9x12.jpg 9w, https:\/\/www.concert-hosteldieu.com\/wp-content\/uploads\/2025\/03\/WhatsApp-Image-2025-03-07-a-14.40.42_bae36321-18x24.jpg 18w, https:\/\/www.concert-hosteldieu.com\/wp-content\/uploads\/2025\/03\/WhatsApp-Image-2025-03-07-a-14.40.42_bae36321-27x36.jpg 27w, https:\/\/www.concert-hosteldieu.com\/wp-content\/uploads\/2025\/03\/WhatsApp-Image-2025-03-07-a-14.40.42_bae36321-36x48.jpg 36w, https:\/\/www.concert-hosteldieu.com\/wp-content\/uploads\/2025\/03\/WhatsApp-Image-2025-03-07-a-14.40.42_bae36321-500x667.jpg 500w, https:\/\/www.concert-hosteldieu.com\/wp-content\/uploads\/2025\/03\/WhatsApp-Image-2025-03-07-a-14.40.42_bae36321-700x933.jpg 700w, https:\/\/www.concert-hosteldieu.com\/wp-content\/uploads\/2025\/03\/WhatsApp-Image-2025-03-07-a-14.40.42_bae36321.jpg 1500w\" sizes=\"auto, (max-width: 372px) 100vw, 372px\" \/><\/p>\n<hr \/>\n<h3 style=\"text-align: center;\">8 &amp; 9 mars &#8211; Montr\u00e9al, Canada<\/h3>\n<p style=\"text-align: center;\">Et pour d\u00e9buter la tourn\u00e9e nord-am\u00e9ricaine, notre joyeuse troupe a pris son envol direction <strong>le Qu\u00e9bec<\/strong>. Souvenez-vous, dans le cadre de notre beau partenariat, nous avions accueilli les Qu\u00e9b\u00e9cois d\u2019Arion \u00e0 Lyon en d\u00e9cembre dernier pour nous jouer un floril\u00e8ge de No\u00ebls baroques. Apr\u00e8s leur passage \u00e0 La Trinit\u00e9, \u00e0 nous d\u2019investir la prestigieuse <a href=\"https:\/\/www.mbam.qc.ca\/fr\/salle-bourgie\/\" target=\"_blank\" rel=\"noopener\">Salle Bourgie<\/a> pour deux concerts ! Entre une poutine r\u00e9confortante et une promenade au Mont Royal, l&rsquo;\u00e2me baroque a trouv\u00e9 un terrain de jeu&#8230; l\u00e9g\u00e8rement enneig\u00e9.<\/p>\n<p style=\"text-align: center;\"><img loading=\"lazy\" decoding=\"async\" class=\"alignnone wp-image-23163\" src=\"https:\/\/www.concert-hosteldieu.com\/wp-content\/uploads\/2025\/03\/WhatsApp-Image-2025-03-07-a-18.50.42_f56855e9-225x300.jpg\" alt=\"\" width=\"391\" height=\"521\" srcset=\"https:\/\/www.concert-hosteldieu.com\/wp-content\/uploads\/2025\/03\/WhatsApp-Image-2025-03-07-a-18.50.42_f56855e9-225x300.jpg 225w, https:\/\/www.concert-hosteldieu.com\/wp-content\/uploads\/2025\/03\/WhatsApp-Image-2025-03-07-a-18.50.42_f56855e9-768x1024.jpg 768w, https:\/\/www.concert-hosteldieu.com\/wp-content\/uploads\/2025\/03\/WhatsApp-Image-2025-03-07-a-18.50.42_f56855e9-1152x1536.jpg 1152w, https:\/\/www.concert-hosteldieu.com\/wp-content\/uploads\/2025\/03\/WhatsApp-Image-2025-03-07-a-18.50.42_f56855e9-9x12.jpg 9w, https:\/\/www.concert-hosteldieu.com\/wp-content\/uploads\/2025\/03\/WhatsApp-Image-2025-03-07-a-18.50.42_f56855e9-18x24.jpg 18w, https:\/\/www.concert-hosteldieu.com\/wp-content\/uploads\/2025\/03\/WhatsApp-Image-2025-03-07-a-18.50.42_f56855e9-27x36.jpg 27w, https:\/\/www.concert-hosteldieu.com\/wp-content\/uploads\/2025\/03\/WhatsApp-Image-2025-03-07-a-18.50.42_f56855e9-36x48.jpg 36w, https:\/\/www.concert-hosteldieu.com\/wp-content\/uploads\/2025\/03\/WhatsApp-Image-2025-03-07-a-18.50.42_f56855e9-500x667.jpg 500w, https:\/\/www.concert-hosteldieu.com\/wp-content\/uploads\/2025\/03\/WhatsApp-Image-2025-03-07-a-18.50.42_f56855e9-700x933.jpg 700w, https:\/\/www.concert-hosteldieu.com\/wp-content\/uploads\/2025\/03\/WhatsApp-Image-2025-03-07-a-18.50.42_f56855e9.jpg 1200w\" sizes=\"auto, (max-width: 391px) 100vw, 391px\" \/><\/p>\n<p style=\"text-align: center;\"><img loading=\"lazy\" decoding=\"async\" class=\"alignnone wp-image-23164\" src=\"https:\/\/www.concert-hosteldieu.com\/wp-content\/uploads\/2025\/03\/WhatsApp-Image-2025-03-07-a-23.45.18_52441e30-300x225.jpg\" alt=\"\" width=\"284\" height=\"213\" srcset=\"https:\/\/www.concert-hosteldieu.com\/wp-content\/uploads\/2025\/03\/WhatsApp-Image-2025-03-07-a-23.45.18_52441e30-300x225.jpg 300w, https:\/\/www.concert-hosteldieu.com\/wp-content\/uploads\/2025\/03\/WhatsApp-Image-2025-03-07-a-23.45.18_52441e30-1024x768.jpg 1024w, https:\/\/www.concert-hosteldieu.com\/wp-content\/uploads\/2025\/03\/WhatsApp-Image-2025-03-07-a-23.45.18_52441e30-768x576.jpg 768w, https:\/\/www.concert-hosteldieu.com\/wp-content\/uploads\/2025\/03\/WhatsApp-Image-2025-03-07-a-23.45.18_52441e30-1536x1152.jpg 1536w, https:\/\/www.concert-hosteldieu.com\/wp-content\/uploads\/2025\/03\/WhatsApp-Image-2025-03-07-a-23.45.18_52441e30-16x12.jpg 16w, https:\/\/www.concert-hosteldieu.com\/wp-content\/uploads\/2025\/03\/WhatsApp-Image-2025-03-07-a-23.45.18_52441e30-24x18.jpg 24w, https:\/\/www.concert-hosteldieu.com\/wp-content\/uploads\/2025\/03\/WhatsApp-Image-2025-03-07-a-23.45.18_52441e30-36x27.jpg 36w, https:\/\/www.concert-hosteldieu.com\/wp-content\/uploads\/2025\/03\/WhatsApp-Image-2025-03-07-a-23.45.18_52441e30-48x36.jpg 48w, https:\/\/www.concert-hosteldieu.com\/wp-content\/uploads\/2025\/03\/WhatsApp-Image-2025-03-07-a-23.45.18_52441e30-500x375.jpg 500w, https:\/\/www.concert-hosteldieu.com\/wp-content\/uploads\/2025\/03\/WhatsApp-Image-2025-03-07-a-23.45.18_52441e30-700x525.jpg 700w, https:\/\/www.concert-hosteldieu.com\/wp-content\/uploads\/2025\/03\/WhatsApp-Image-2025-03-07-a-23.45.18_52441e30.jpg 1600w\" sizes=\"auto, (max-width: 284px) 100vw, 284px\" \/> \u00a0<img loading=\"lazy\" decoding=\"async\" class=\"alignnone wp-image-23165\" src=\"https:\/\/www.concert-hosteldieu.com\/wp-content\/uploads\/2025\/03\/WhatsApp-Image-2025-03-08-a-02.19.40_eb547b81-300x202.jpg\" alt=\"\" width=\"317\" height=\"214\" srcset=\"https:\/\/www.concert-hosteldieu.com\/wp-content\/uploads\/2025\/03\/WhatsApp-Image-2025-03-08-a-02.19.40_eb547b81-300x202.jpg 300w, https:\/\/www.concert-hosteldieu.com\/wp-content\/uploads\/2025\/03\/WhatsApp-Image-2025-03-08-a-02.19.40_eb547b81-1024x691.jpg 1024w, https:\/\/www.concert-hosteldieu.com\/wp-content\/uploads\/2025\/03\/WhatsApp-Image-2025-03-08-a-02.19.40_eb547b81-768x518.jpg 768w, https:\/\/www.concert-hosteldieu.com\/wp-content\/uploads\/2025\/03\/WhatsApp-Image-2025-03-08-a-02.19.40_eb547b81-1536x1036.jpg 1536w, https:\/\/www.concert-hosteldieu.com\/wp-content\/uploads\/2025\/03\/WhatsApp-Image-2025-03-08-a-02.19.40_eb547b81-18x12.jpg 18w, https:\/\/www.concert-hosteldieu.com\/wp-content\/uploads\/2025\/03\/WhatsApp-Image-2025-03-08-a-02.19.40_eb547b81-24x16.jpg 24w, https:\/\/www.concert-hosteldieu.com\/wp-content\/uploads\/2025\/03\/WhatsApp-Image-2025-03-08-a-02.19.40_eb547b81-36x24.jpg 36w, https:\/\/www.concert-hosteldieu.com\/wp-content\/uploads\/2025\/03\/WhatsApp-Image-2025-03-08-a-02.19.40_eb547b81-48x32.jpg 48w, https:\/\/www.concert-hosteldieu.com\/wp-content\/uploads\/2025\/03\/WhatsApp-Image-2025-03-08-a-02.19.40_eb547b81-500x337.jpg 500w, https:\/\/www.concert-hosteldieu.com\/wp-content\/uploads\/2025\/03\/WhatsApp-Image-2025-03-08-a-02.19.40_eb547b81-700x472.jpg 700w, https:\/\/www.concert-hosteldieu.com\/wp-content\/uploads\/2025\/03\/WhatsApp-Image-2025-03-08-a-02.19.40_eb547b81.jpg 1600w\" sizes=\"auto, (max-width: 317px) 100vw, 317px\" \/><\/p>\n<hr \/>\n<h3 style=\"text-align: center;\">11 mars &#8211; East Lansing, USA<\/h3>\n<p style=\"text-align: center;\">C\u2019est une version plus intime du concert qui a r\u00e9sonn\u00e9 dans l\u2019\u00e9tat du Michigan, au <a href=\"https:\/\/music.msu.edu\/event\/the-ghosts-of-hamlet-le-concert-de-lhostel-dieu-with-roberta-mameli-soprano\/\" target=\"_blank\" rel=\"noopener\">Fairchild Theatre<\/a> : une partie de notre \u00e9quipe est rentr\u00e9e en France, tandis que l\u2019autre a pris son envol pour poursuivre l\u2019aventure. Premiers pas sur le sol am\u00e9ricain, et d\u00e9j\u00e0 un accueil chaleureux. Version \u00ab chambre \u00bb pour <i>Les Fant\u00f4mes d&rsquo;Hamlet<\/i>, mais ambiance XXL c\u00f4t\u00e9 burgers et d\u00e9couverte culturelle. On a m\u00eame immortalis\u00e9 notre passage devant le Capitole de l&rsquo;\u00c9tat.<\/p>\n<p style=\"text-align: center;\"><img loading=\"lazy\" decoding=\"async\" class=\"alignnone wp-image-23173 aligncenter\" src=\"https:\/\/www.concert-hosteldieu.com\/wp-content\/uploads\/2025\/03\/IMG-20250311-WA0024-225x300.jpg\" alt=\"\" width=\"425\" height=\"566\" srcset=\"https:\/\/www.concert-hosteldieu.com\/wp-content\/uploads\/2025\/03\/IMG-20250311-WA0024-225x300.jpg 225w, https:\/\/www.concert-hosteldieu.com\/wp-content\/uploads\/2025\/03\/IMG-20250311-WA0024-768x1023.jpg 768w, https:\/\/www.concert-hosteldieu.com\/wp-content\/uploads\/2025\/03\/IMG-20250311-WA0024-1153x1536.jpg 1153w, https:\/\/www.concert-hosteldieu.com\/wp-content\/uploads\/2025\/03\/IMG-20250311-WA0024-9x12.jpg 9w, https:\/\/www.concert-hosteldieu.com\/wp-content\/uploads\/2025\/03\/IMG-20250311-WA0024-18x24.jpg 18w, https:\/\/www.concert-hosteldieu.com\/wp-content\/uploads\/2025\/03\/IMG-20250311-WA0024-27x36.jpg 27w, https:\/\/www.concert-hosteldieu.com\/wp-content\/uploads\/2025\/03\/IMG-20250311-WA0024-36x48.jpg 36w, https:\/\/www.concert-hosteldieu.com\/wp-content\/uploads\/2025\/03\/IMG-20250311-WA0024-500x666.jpg 500w, https:\/\/www.concert-hosteldieu.com\/wp-content\/uploads\/2025\/03\/IMG-20250311-WA0024-700x933.jpg 700w, https:\/\/www.concert-hosteldieu.com\/wp-content\/uploads\/2025\/03\/IMG-20250311-WA0024.jpg 1200w\" sizes=\"auto, (max-width: 425px) 100vw, 425px\" \/><\/p>\n<p style=\"text-align: center;\"><img loading=\"lazy\" decoding=\"async\" class=\"alignnone wp-image-23174 aligncenter\" src=\"https:\/\/www.concert-hosteldieu.com\/wp-content\/uploads\/2025\/03\/WhatsApp-Image-2025-03-11-a-19.01.02_a081a4f3-300x225.jpg\" alt=\"\" width=\"431\" height=\"323\" srcset=\"https:\/\/www.concert-hosteldieu.com\/wp-content\/uploads\/2025\/03\/WhatsApp-Image-2025-03-11-a-19.01.02_a081a4f3-300x225.jpg 300w, https:\/\/www.concert-hosteldieu.com\/wp-content\/uploads\/2025\/03\/WhatsApp-Image-2025-03-11-a-19.01.02_a081a4f3-1024x768.jpg 1024w, https:\/\/www.concert-hosteldieu.com\/wp-content\/uploads\/2025\/03\/WhatsApp-Image-2025-03-11-a-19.01.02_a081a4f3-768x576.jpg 768w, https:\/\/www.concert-hosteldieu.com\/wp-content\/uploads\/2025\/03\/WhatsApp-Image-2025-03-11-a-19.01.02_a081a4f3-1536x1152.jpg 1536w, https:\/\/www.concert-hosteldieu.com\/wp-content\/uploads\/2025\/03\/WhatsApp-Image-2025-03-11-a-19.01.02_a081a4f3-16x12.jpg 16w, https:\/\/www.concert-hosteldieu.com\/wp-content\/uploads\/2025\/03\/WhatsApp-Image-2025-03-11-a-19.01.02_a081a4f3-24x18.jpg 24w, https:\/\/www.concert-hosteldieu.com\/wp-content\/uploads\/2025\/03\/WhatsApp-Image-2025-03-11-a-19.01.02_a081a4f3-36x27.jpg 36w, https:\/\/www.concert-hosteldieu.com\/wp-content\/uploads\/2025\/03\/WhatsApp-Image-2025-03-11-a-19.01.02_a081a4f3-48x36.jpg 48w, https:\/\/www.concert-hosteldieu.com\/wp-content\/uploads\/2025\/03\/WhatsApp-Image-2025-03-11-a-19.01.02_a081a4f3-500x375.jpg 500w, https:\/\/www.concert-hosteldieu.com\/wp-content\/uploads\/2025\/03\/WhatsApp-Image-2025-03-11-a-19.01.02_a081a4f3-700x525.jpg 700w, https:\/\/www.concert-hosteldieu.com\/wp-content\/uploads\/2025\/03\/WhatsApp-Image-2025-03-11-a-19.01.02_a081a4f3.jpg 1600w\" sizes=\"auto, (max-width: 431px) 100vw, 431px\" \/><\/p>\n<hr \/>\n<h3 style=\"text-align: center;\">13 mars &#8211; New York, USA<\/h3>\n<p class=\"text-build-content\" style=\"text-align: center;\">L&rsquo;\u00e9nergie de la Grosse Pomme nous a d\u00e9j\u00e0 envahis. Entre un \u00e9cureuil blanc et un \u00e9cureuil noir rencontr\u00e9s \u00e0 Central Park (oui, c&rsquo;est une vraie star locale), une arriv\u00e9e triomphante \u00e0 Manhattan et un concert envo\u00fbtant au\u00a0<a class=\"link-build-content\" href=\"https:\/\/www.bohemiannationalhall.com\/\" target=\"_blank\" rel=\"noopener\"><b><u>Bohemian National Hall<\/u><\/b><\/a>,\u00a0<i>Les Fant\u00f4mes d&rsquo;Hamlet<\/i> ont trouv\u00e9 leur place dans la ville qui ne dort jamais. Et puisqu&rsquo;on aime varier les plaisirs, nous avons profit\u00e9 de notre passage pour partager un autre projet cher \u00e0 notre c\u0153ur :\u00a0<a class=\"link-build-content\" href=\"https:\/\/www.concert-hosteldieu.com\/en\/nos-productions\/fugacites\/\" target=\"_blank\" rel=\"noopener\"><b><u>FugaCit\u00e9s<\/u><\/b><\/a>, pr\u00e9sent\u00e9 devant les \u00e9l\u00e8ves du\u00a0<b>Lyc\u00e9e fran\u00e7ais de New York<\/b>. Un moment riche en \u00e9changes, o\u00f9 la musique baroque a rencontr\u00e9 la jeunesse new-yorkaise&#8230; et quelques futurs m\u00e9lomanes, qui sait ?<\/p>\n<p style=\"text-align: center;\">\u00a0<img loading=\"lazy\" decoding=\"async\" class=\"alignnone wp-image-23176\" src=\"https:\/\/www.concert-hosteldieu.com\/wp-content\/uploads\/2025\/03\/WhatsApp-Image-2025-03-13-a-17.08.54_f32c7e53-226x300.jpg\" alt=\"\" width=\"175\" height=\"232\" srcset=\"https:\/\/www.concert-hosteldieu.com\/wp-content\/uploads\/2025\/03\/WhatsApp-Image-2025-03-13-a-17.08.54_f32c7e53-226x300.jpg 226w, https:\/\/www.concert-hosteldieu.com\/wp-content\/uploads\/2025\/03\/WhatsApp-Image-2025-03-13-a-17.08.54_f32c7e53-771x1024.jpg 771w, https:\/\/www.concert-hosteldieu.com\/wp-content\/uploads\/2025\/03\/WhatsApp-Image-2025-03-13-a-17.08.54_f32c7e53-768x1020.jpg 768w, https:\/\/www.concert-hosteldieu.com\/wp-content\/uploads\/2025\/03\/WhatsApp-Image-2025-03-13-a-17.08.54_f32c7e53-1157x1536.jpg 1157w, https:\/\/www.concert-hosteldieu.com\/wp-content\/uploads\/2025\/03\/WhatsApp-Image-2025-03-13-a-17.08.54_f32c7e53-9x12.jpg 9w, https:\/\/www.concert-hosteldieu.com\/wp-content\/uploads\/2025\/03\/WhatsApp-Image-2025-03-13-a-17.08.54_f32c7e53-18x24.jpg 18w, https:\/\/www.concert-hosteldieu.com\/wp-content\/uploads\/2025\/03\/WhatsApp-Image-2025-03-13-a-17.08.54_f32c7e53-27x36.jpg 27w, https:\/\/www.concert-hosteldieu.com\/wp-content\/uploads\/2025\/03\/WhatsApp-Image-2025-03-13-a-17.08.54_f32c7e53-36x48.jpg 36w, https:\/\/www.concert-hosteldieu.com\/wp-content\/uploads\/2025\/03\/WhatsApp-Image-2025-03-13-a-17.08.54_f32c7e53-500x664.jpg 500w, https:\/\/www.concert-hosteldieu.com\/wp-content\/uploads\/2025\/03\/WhatsApp-Image-2025-03-13-a-17.08.54_f32c7e53-700x929.jpg 700w, https:\/\/www.concert-hosteldieu.com\/wp-content\/uploads\/2025\/03\/WhatsApp-Image-2025-03-13-a-17.08.54_f32c7e53.jpg 1446w\" sizes=\"auto, (max-width: 175px) 100vw, 175px\" \/> <img loading=\"lazy\" decoding=\"async\" class=\"alignnone wp-image-23178\" src=\"https:\/\/www.concert-hosteldieu.com\/wp-content\/uploads\/2025\/03\/WhatsApp-Image-2025-03-14-a-16.47.08_df45e324-225x300.jpg\" alt=\"\" width=\"173\" height=\"231\" srcset=\"https:\/\/www.concert-hosteldieu.com\/wp-content\/uploads\/2025\/03\/WhatsApp-Image-2025-03-14-a-16.47.08_df45e324-225x300.jpg 225w, https:\/\/www.concert-hosteldieu.com\/wp-content\/uploads\/2025\/03\/WhatsApp-Image-2025-03-14-a-16.47.08_df45e324-768x1024.jpg 768w, https:\/\/www.concert-hosteldieu.com\/wp-content\/uploads\/2025\/03\/WhatsApp-Image-2025-03-14-a-16.47.08_df45e324-1152x1536.jpg 1152w, https:\/\/www.concert-hosteldieu.com\/wp-content\/uploads\/2025\/03\/WhatsApp-Image-2025-03-14-a-16.47.08_df45e324-9x12.jpg 9w, https:\/\/www.concert-hosteldieu.com\/wp-content\/uploads\/2025\/03\/WhatsApp-Image-2025-03-14-a-16.47.08_df45e324-18x24.jpg 18w, https:\/\/www.concert-hosteldieu.com\/wp-content\/uploads\/2025\/03\/WhatsApp-Image-2025-03-14-a-16.47.08_df45e324-27x36.jpg 27w, https:\/\/www.concert-hosteldieu.com\/wp-content\/uploads\/2025\/03\/WhatsApp-Image-2025-03-14-a-16.47.08_df45e324-36x48.jpg 36w, https:\/\/www.concert-hosteldieu.com\/wp-content\/uploads\/2025\/03\/WhatsApp-Image-2025-03-14-a-16.47.08_df45e324-500x667.jpg 500w, https:\/\/www.concert-hosteldieu.com\/wp-content\/uploads\/2025\/03\/WhatsApp-Image-2025-03-14-a-16.47.08_df45e324-700x933.jpg 700w, https:\/\/www.concert-hosteldieu.com\/wp-content\/uploads\/2025\/03\/WhatsApp-Image-2025-03-14-a-16.47.08_df45e324.jpg 1200w\" sizes=\"auto, (max-width: 173px) 100vw, 173px\" \/> <img loading=\"lazy\" decoding=\"async\" class=\"alignnone wp-image-23177\" src=\"https:\/\/www.concert-hosteldieu.com\/wp-content\/uploads\/2025\/03\/WhatsApp-Image-2025-03-13-a-17.10.41_b8621abc-267x300.jpg\" alt=\"\" width=\"204\" height=\"229\" srcset=\"https:\/\/www.concert-hosteldieu.com\/wp-content\/uploads\/2025\/03\/WhatsApp-Image-2025-03-13-a-17.10.41_b8621abc-267x300.jpg 267w, https:\/\/www.concert-hosteldieu.com\/wp-content\/uploads\/2025\/03\/WhatsApp-Image-2025-03-13-a-17.10.41_b8621abc-910x1024.jpg 910w, https:\/\/www.concert-hosteldieu.com\/wp-content\/uploads\/2025\/03\/WhatsApp-Image-2025-03-13-a-17.10.41_b8621abc-768x864.jpg 768w, https:\/\/www.concert-hosteldieu.com\/wp-content\/uploads\/2025\/03\/WhatsApp-Image-2025-03-13-a-17.10.41_b8621abc-1365x1536.jpg 1365w, https:\/\/www.concert-hosteldieu.com\/wp-content\/uploads\/2025\/03\/WhatsApp-Image-2025-03-13-a-17.10.41_b8621abc-11x12.jpg 11w, https:\/\/www.concert-hosteldieu.com\/wp-content\/uploads\/2025\/03\/WhatsApp-Image-2025-03-13-a-17.10.41_b8621abc-21x24.jpg 21w, https:\/\/www.concert-hosteldieu.com\/wp-content\/uploads\/2025\/03\/WhatsApp-Image-2025-03-13-a-17.10.41_b8621abc-32x36.jpg 32w, https:\/\/www.concert-hosteldieu.com\/wp-content\/uploads\/2025\/03\/WhatsApp-Image-2025-03-13-a-17.10.41_b8621abc-43x48.jpg 43w, https:\/\/www.concert-hosteldieu.com\/wp-content\/uploads\/2025\/03\/WhatsApp-Image-2025-03-13-a-17.10.41_b8621abc-500x563.jpg 500w, https:\/\/www.concert-hosteldieu.com\/wp-content\/uploads\/2025\/03\/WhatsApp-Image-2025-03-13-a-17.10.41_b8621abc-700x788.jpg 700w, https:\/\/www.concert-hosteldieu.com\/wp-content\/uploads\/2025\/03\/WhatsApp-Image-2025-03-13-a-17.10.41_b8621abc.jpg 1422w\" sizes=\"auto, (max-width: 204px) 100vw, 204px\" \/><\/p>\n<p style=\"text-align: center;\"><img loading=\"lazy\" decoding=\"async\" class=\"alignnone wp-image-23179\" src=\"https:\/\/www.concert-hosteldieu.com\/wp-content\/uploads\/2025\/03\/WhatsApp-Image-2025-03-15-a-21.16.24_58f475fc-300x225.jpg\" alt=\"\" width=\"492\" height=\"369\" srcset=\"https:\/\/www.concert-hosteldieu.com\/wp-content\/uploads\/2025\/03\/WhatsApp-Image-2025-03-15-a-21.16.24_58f475fc-300x225.jpg 300w, https:\/\/www.concert-hosteldieu.com\/wp-content\/uploads\/2025\/03\/WhatsApp-Image-2025-03-15-a-21.16.24_58f475fc-1024x768.jpg 1024w, https:\/\/www.concert-hosteldieu.com\/wp-content\/uploads\/2025\/03\/WhatsApp-Image-2025-03-15-a-21.16.24_58f475fc-768x576.jpg 768w, https:\/\/www.concert-hosteldieu.com\/wp-content\/uploads\/2025\/03\/WhatsApp-Image-2025-03-15-a-21.16.24_58f475fc-1536x1152.jpg 1536w, https:\/\/www.concert-hosteldieu.com\/wp-content\/uploads\/2025\/03\/WhatsApp-Image-2025-03-15-a-21.16.24_58f475fc-16x12.jpg 16w, https:\/\/www.concert-hosteldieu.com\/wp-content\/uploads\/2025\/03\/WhatsApp-Image-2025-03-15-a-21.16.24_58f475fc-24x18.jpg 24w, https:\/\/www.concert-hosteldieu.com\/wp-content\/uploads\/2025\/03\/WhatsApp-Image-2025-03-15-a-21.16.24_58f475fc-36x27.jpg 36w, https:\/\/www.concert-hosteldieu.com\/wp-content\/uploads\/2025\/03\/WhatsApp-Image-2025-03-15-a-21.16.24_58f475fc-48x36.jpg 48w, https:\/\/www.concert-hosteldieu.com\/wp-content\/uploads\/2025\/03\/WhatsApp-Image-2025-03-15-a-21.16.24_58f475fc-500x375.jpg 500w, https:\/\/www.concert-hosteldieu.com\/wp-content\/uploads\/2025\/03\/WhatsApp-Image-2025-03-15-a-21.16.24_58f475fc-700x525.jpg 700w, https:\/\/www.concert-hosteldieu.com\/wp-content\/uploads\/2025\/03\/WhatsApp-Image-2025-03-15-a-21.16.24_58f475fc.jpg 1600w\" sizes=\"auto, (max-width: 492px) 100vw, 492px\" \/><\/p>\n<p style=\"text-align: center;\"><img loading=\"lazy\" decoding=\"async\" class=\"alignnone wp-image-23175 aligncenter\" src=\"https:\/\/www.concert-hosteldieu.com\/wp-content\/uploads\/2025\/03\/WhatsApp-Image-2025-03-13-a-00.15.04_436f2517-300x225.jpg\" alt=\"\" width=\"489\" height=\"367\" srcset=\"https:\/\/www.concert-hosteldieu.com\/wp-content\/uploads\/2025\/03\/WhatsApp-Image-2025-03-13-a-00.15.04_436f2517-300x225.jpg 300w, https:\/\/www.concert-hosteldieu.com\/wp-content\/uploads\/2025\/03\/WhatsApp-Image-2025-03-13-a-00.15.04_436f2517-1024x768.jpg 1024w, https:\/\/www.concert-hosteldieu.com\/wp-content\/uploads\/2025\/03\/WhatsApp-Image-2025-03-13-a-00.15.04_436f2517-768x576.jpg 768w, https:\/\/www.concert-hosteldieu.com\/wp-content\/uploads\/2025\/03\/WhatsApp-Image-2025-03-13-a-00.15.04_436f2517-1536x1152.jpg 1536w, https:\/\/www.concert-hosteldieu.com\/wp-content\/uploads\/2025\/03\/WhatsApp-Image-2025-03-13-a-00.15.04_436f2517-16x12.jpg 16w, https:\/\/www.concert-hosteldieu.com\/wp-content\/uploads\/2025\/03\/WhatsApp-Image-2025-03-13-a-00.15.04_436f2517-24x18.jpg 24w, https:\/\/www.concert-hosteldieu.com\/wp-content\/uploads\/2025\/03\/WhatsApp-Image-2025-03-13-a-00.15.04_436f2517-36x27.jpg 36w, https:\/\/www.concert-hosteldieu.com\/wp-content\/uploads\/2025\/03\/WhatsApp-Image-2025-03-13-a-00.15.04_436f2517-48x36.jpg 48w, https:\/\/www.concert-hosteldieu.com\/wp-content\/uploads\/2025\/03\/WhatsApp-Image-2025-03-13-a-00.15.04_436f2517-500x375.jpg 500w, https:\/\/www.concert-hosteldieu.com\/wp-content\/uploads\/2025\/03\/WhatsApp-Image-2025-03-13-a-00.15.04_436f2517-700x525.jpg 700w, https:\/\/www.concert-hosteldieu.com\/wp-content\/uploads\/2025\/03\/WhatsApp-Image-2025-03-13-a-00.15.04_436f2517.jpg 1600w\" sizes=\"auto, (max-width: 489px) 100vw, 489px\" \/><\/p>\n<hr \/>\n<h3 style=\"text-align: center;\">18 mars &#8211; Washington, USA<\/h3>\n<p style=\"text-align: center;\">Un concert \u00e0 la\u00a0<a class=\"link-build-content\" href=\"http:\/\/media.franceintheus.org\/event\/the-ghosts-of-hamlet-by-le-concert-de-lhostel-dieu-and-roberta-mameli\/\" target=\"_blank\" rel=\"noopener\"><b><u>Maison Fran\u00e7aise<\/u><\/b><\/a>, cinq jours de d\u00e9couvertes et un anniversaire c\u00e9l\u00e9br\u00e9 comme il se doit : notre violoniste\u00a0<b>Andr\u00e9 Costa<\/b>\u00a0a enfin r\u00e9alis\u00e9 son r\u00eave\u2026 d\u00eener dans un vrai\u00a0<b>American Diner<\/b> ! Et entre deux bouch\u00e9es de pancakes, nous avons bien s\u00fbr explor\u00e9 les monuments embl\u00e9matiques de la capitale : le Washington Monument, la Biblioth\u00e8que du Congr\u00e8s, la Maison Blanche, le Capitole&#8230; Hamlet lui-m\u00eame aurait \u00e9t\u00e9 impressionn\u00e9 !<\/p>\n<p><img loading=\"lazy\" decoding=\"async\" class=\"wp-image-23199 alignnone\" src=\"https:\/\/www.concert-hosteldieu.com\/wp-content\/uploads\/2025\/03\/WhatsApp-Image-2025-03-18-a-19.24.16_afa1b4fe-225x300.jpg\" alt=\"\" width=\"219\" height=\"292\" srcset=\"https:\/\/www.concert-hosteldieu.com\/wp-content\/uploads\/2025\/03\/WhatsApp-Image-2025-03-18-a-19.24.16_afa1b4fe-225x300.jpg 225w, https:\/\/www.concert-hosteldieu.com\/wp-content\/uploads\/2025\/03\/WhatsApp-Image-2025-03-18-a-19.24.16_afa1b4fe-768x1024.jpg 768w, https:\/\/www.concert-hosteldieu.com\/wp-content\/uploads\/2025\/03\/WhatsApp-Image-2025-03-18-a-19.24.16_afa1b4fe-1152x1536.jpg 1152w, https:\/\/www.concert-hosteldieu.com\/wp-content\/uploads\/2025\/03\/WhatsApp-Image-2025-03-18-a-19.24.16_afa1b4fe-9x12.jpg 9w, https:\/\/www.concert-hosteldieu.com\/wp-content\/uploads\/2025\/03\/WhatsApp-Image-2025-03-18-a-19.24.16_afa1b4fe-18x24.jpg 18w, https:\/\/www.concert-hosteldieu.com\/wp-content\/uploads\/2025\/03\/WhatsApp-Image-2025-03-18-a-19.24.16_afa1b4fe-27x36.jpg 27w, https:\/\/www.concert-hosteldieu.com\/wp-content\/uploads\/2025\/03\/WhatsApp-Image-2025-03-18-a-19.24.16_afa1b4fe-36x48.jpg 36w, https:\/\/www.concert-hosteldieu.com\/wp-content\/uploads\/2025\/03\/WhatsApp-Image-2025-03-18-a-19.24.16_afa1b4fe-500x667.jpg 500w, https:\/\/www.concert-hosteldieu.com\/wp-content\/uploads\/2025\/03\/WhatsApp-Image-2025-03-18-a-19.24.16_afa1b4fe-700x933.jpg 700w, https:\/\/www.concert-hosteldieu.com\/wp-content\/uploads\/2025\/03\/WhatsApp-Image-2025-03-18-a-19.24.16_afa1b4fe.jpg 1200w\" sizes=\"auto, (max-width: 219px) 100vw, 219px\" \/> <img loading=\"lazy\" decoding=\"async\" class=\"wp-image-23197 alignnone\" src=\"https:\/\/www.concert-hosteldieu.com\/wp-content\/uploads\/2025\/03\/IMG-20250319-WA0015-300x225.jpg\" alt=\"\" width=\"388\" height=\"291\" srcset=\"https:\/\/www.concert-hosteldieu.com\/wp-content\/uploads\/2025\/03\/IMG-20250319-WA0015-300x225.jpg 300w, https:\/\/www.concert-hosteldieu.com\/wp-content\/uploads\/2025\/03\/IMG-20250319-WA0015-1024x768.jpg 1024w, https:\/\/www.concert-hosteldieu.com\/wp-content\/uploads\/2025\/03\/IMG-20250319-WA0015-768x576.jpg 768w, https:\/\/www.concert-hosteldieu.com\/wp-content\/uploads\/2025\/03\/IMG-20250319-WA0015-1536x1152.jpg 1536w, https:\/\/www.concert-hosteldieu.com\/wp-content\/uploads\/2025\/03\/IMG-20250319-WA0015-16x12.jpg 16w, https:\/\/www.concert-hosteldieu.com\/wp-content\/uploads\/2025\/03\/IMG-20250319-WA0015-24x18.jpg 24w, https:\/\/www.concert-hosteldieu.com\/wp-content\/uploads\/2025\/03\/IMG-20250319-WA0015-36x27.jpg 36w, https:\/\/www.concert-hosteldieu.com\/wp-content\/uploads\/2025\/03\/IMG-20250319-WA0015-48x36.jpg 48w, https:\/\/www.concert-hosteldieu.com\/wp-content\/uploads\/2025\/03\/IMG-20250319-WA0015-500x375.jpg 500w, https:\/\/www.concert-hosteldieu.com\/wp-content\/uploads\/2025\/03\/IMG-20250319-WA0015-700x525.jpg 700w, https:\/\/www.concert-hosteldieu.com\/wp-content\/uploads\/2025\/03\/IMG-20250319-WA0015.jpg 1600w\" sizes=\"auto, (max-width: 388px) 100vw, 388px\" \/><\/p>\n<p><img loading=\"lazy\" decoding=\"async\" class=\"wp-image-23193\" src=\"https:\/\/www.concert-hosteldieu.com\/wp-content\/uploads\/2025\/03\/IMG-20250317-WA0009-300x225.jpg\" alt=\"\" width=\"304\" height=\"228\" srcset=\"https:\/\/www.concert-hosteldieu.com\/wp-content\/uploads\/2025\/03\/IMG-20250317-WA0009-300x225.jpg 300w, https:\/\/www.concert-hosteldieu.com\/wp-content\/uploads\/2025\/03\/IMG-20250317-WA0009-1024x768.jpg 1024w, https:\/\/www.concert-hosteldieu.com\/wp-content\/uploads\/2025\/03\/IMG-20250317-WA0009-768x576.jpg 768w, https:\/\/www.concert-hosteldieu.com\/wp-content\/uploads\/2025\/03\/IMG-20250317-WA0009-1536x1152.jpg 1536w, https:\/\/www.concert-hosteldieu.com\/wp-content\/uploads\/2025\/03\/IMG-20250317-WA0009-16x12.jpg 16w, https:\/\/www.concert-hosteldieu.com\/wp-content\/uploads\/2025\/03\/IMG-20250317-WA0009-24x18.jpg 24w, https:\/\/www.concert-hosteldieu.com\/wp-content\/uploads\/2025\/03\/IMG-20250317-WA0009-36x27.jpg 36w, https:\/\/www.concert-hosteldieu.com\/wp-content\/uploads\/2025\/03\/IMG-20250317-WA0009-48x36.jpg 48w, https:\/\/www.concert-hosteldieu.com\/wp-content\/uploads\/2025\/03\/IMG-20250317-WA0009-500x375.jpg 500w, https:\/\/www.concert-hosteldieu.com\/wp-content\/uploads\/2025\/03\/IMG-20250317-WA0009-700x525.jpg 700w, https:\/\/www.concert-hosteldieu.com\/wp-content\/uploads\/2025\/03\/IMG-20250317-WA0009.jpg 1600w\" sizes=\"auto, (max-width: 304px) 100vw, 304px\" \/> <img loading=\"lazy\" decoding=\"async\" class=\"wp-image-23198\" src=\"https:\/\/www.concert-hosteldieu.com\/wp-content\/uploads\/2025\/03\/IMG-20250319-WA0022-300x225.jpg\" alt=\"\" width=\"306\" height=\"230\" srcset=\"https:\/\/www.concert-hosteldieu.com\/wp-content\/uploads\/2025\/03\/IMG-20250319-WA0022-300x225.jpg 300w, https:\/\/www.concert-hosteldieu.com\/wp-content\/uploads\/2025\/03\/IMG-20250319-WA0022-1024x768.jpg 1024w, https:\/\/www.concert-hosteldieu.com\/wp-content\/uploads\/2025\/03\/IMG-20250319-WA0022-768x576.jpg 768w, https:\/\/www.concert-hosteldieu.com\/wp-content\/uploads\/2025\/03\/IMG-20250319-WA0022-1536x1152.jpg 1536w, https:\/\/www.concert-hosteldieu.com\/wp-content\/uploads\/2025\/03\/IMG-20250319-WA0022-16x12.jpg 16w, https:\/\/www.concert-hosteldieu.com\/wp-content\/uploads\/2025\/03\/IMG-20250319-WA0022-24x18.jpg 24w, https:\/\/www.concert-hosteldieu.com\/wp-content\/uploads\/2025\/03\/IMG-20250319-WA0022-36x27.jpg 36w, https:\/\/www.concert-hosteldieu.com\/wp-content\/uploads\/2025\/03\/IMG-20250319-WA0022-48x36.jpg 48w, https:\/\/www.concert-hosteldieu.com\/wp-content\/uploads\/2025\/03\/IMG-20250319-WA0022-500x375.jpg 500w, https:\/\/www.concert-hosteldieu.com\/wp-content\/uploads\/2025\/03\/IMG-20250319-WA0022-700x525.jpg 700w, https:\/\/www.concert-hosteldieu.com\/wp-content\/uploads\/2025\/03\/IMG-20250319-WA0022.jpg 1920w\" sizes=\"auto, (max-width: 306px) 100vw, 306px\" \/><\/p>\n<p><img loading=\"lazy\" decoding=\"async\" class=\"wp-image-23195 alignnone\" src=\"https:\/\/www.concert-hosteldieu.com\/wp-content\/uploads\/2025\/03\/IMG-20250317-WA0011-300x225.jpg\" alt=\"\" width=\"308\" height=\"231\" srcset=\"https:\/\/www.concert-hosteldieu.com\/wp-content\/uploads\/2025\/03\/IMG-20250317-WA0011-300x225.jpg 300w, https:\/\/www.concert-hosteldieu.com\/wp-content\/uploads\/2025\/03\/IMG-20250317-WA0011-1024x768.jpg 1024w, https:\/\/www.concert-hosteldieu.com\/wp-content\/uploads\/2025\/03\/IMG-20250317-WA0011-768x576.jpg 768w, https:\/\/www.concert-hosteldieu.com\/wp-content\/uploads\/2025\/03\/IMG-20250317-WA0011-1536x1152.jpg 1536w, https:\/\/www.concert-hosteldieu.com\/wp-content\/uploads\/2025\/03\/IMG-20250317-WA0011-16x12.jpg 16w, https:\/\/www.concert-hosteldieu.com\/wp-content\/uploads\/2025\/03\/IMG-20250317-WA0011-24x18.jpg 24w, https:\/\/www.concert-hosteldieu.com\/wp-content\/uploads\/2025\/03\/IMG-20250317-WA0011-36x27.jpg 36w, https:\/\/www.concert-hosteldieu.com\/wp-content\/uploads\/2025\/03\/IMG-20250317-WA0011-48x36.jpg 48w, https:\/\/www.concert-hosteldieu.com\/wp-content\/uploads\/2025\/03\/IMG-20250317-WA0011-500x375.jpg 500w, https:\/\/www.concert-hosteldieu.com\/wp-content\/uploads\/2025\/03\/IMG-20250317-WA0011-700x525.jpg 700w, https:\/\/www.concert-hosteldieu.com\/wp-content\/uploads\/2025\/03\/IMG-20250317-WA0011.jpg 1920w\" sizes=\"auto, (max-width: 308px) 100vw, 308px\" \/> <img loading=\"lazy\" decoding=\"async\" class=\"wp-image-23194 alignnone\" src=\"https:\/\/www.concert-hosteldieu.com\/wp-content\/uploads\/2025\/03\/IMG-20250317-WA0010-300x225.jpg\" alt=\"\" width=\"312\" height=\"234\" srcset=\"https:\/\/www.concert-hosteldieu.com\/wp-content\/uploads\/2025\/03\/IMG-20250317-WA0010-300x225.jpg 300w, https:\/\/www.concert-hosteldieu.com\/wp-content\/uploads\/2025\/03\/IMG-20250317-WA0010-1024x768.jpg 1024w, https:\/\/www.concert-hosteldieu.com\/wp-content\/uploads\/2025\/03\/IMG-20250317-WA0010-768x576.jpg 768w, https:\/\/www.concert-hosteldieu.com\/wp-content\/uploads\/2025\/03\/IMG-20250317-WA0010-1536x1152.jpg 1536w, https:\/\/www.concert-hosteldieu.com\/wp-content\/uploads\/2025\/03\/IMG-20250317-WA0010-16x12.jpg 16w, https:\/\/www.concert-hosteldieu.com\/wp-content\/uploads\/2025\/03\/IMG-20250317-WA0010-24x18.jpg 24w, https:\/\/www.concert-hosteldieu.com\/wp-content\/uploads\/2025\/03\/IMG-20250317-WA0010-36x27.jpg 36w, https:\/\/www.concert-hosteldieu.com\/wp-content\/uploads\/2025\/03\/IMG-20250317-WA0010-48x36.jpg 48w, https:\/\/www.concert-hosteldieu.com\/wp-content\/uploads\/2025\/03\/IMG-20250317-WA0010-500x375.jpg 500w, https:\/\/www.concert-hosteldieu.com\/wp-content\/uploads\/2025\/03\/IMG-20250317-WA0010-700x525.jpg 700w, https:\/\/www.concert-hosteldieu.com\/wp-content\/uploads\/2025\/03\/IMG-20250317-WA0010.jpg 1600w\" sizes=\"auto, (max-width: 312px) 100vw, 312px\" \/><\/p>\n<p><img loading=\"lazy\" decoding=\"async\" class=\"wp-image-23196 aligncenter\" src=\"https:\/\/www.concert-hosteldieu.com\/wp-content\/uploads\/2025\/03\/IMG-20250319-WA0000-300x225.jpg\" alt=\"\" width=\"614\" height=\"461\" srcset=\"https:\/\/www.concert-hosteldieu.com\/wp-content\/uploads\/2025\/03\/IMG-20250319-WA0000-300x225.jpg 300w, https:\/\/www.concert-hosteldieu.com\/wp-content\/uploads\/2025\/03\/IMG-20250319-WA0000-1024x768.jpg 1024w, https:\/\/www.concert-hosteldieu.com\/wp-content\/uploads\/2025\/03\/IMG-20250319-WA0000-768x576.jpg 768w, https:\/\/www.concert-hosteldieu.com\/wp-content\/uploads\/2025\/03\/IMG-20250319-WA0000-1536x1152.jpg 1536w, https:\/\/www.concert-hosteldieu.com\/wp-content\/uploads\/2025\/03\/IMG-20250319-WA0000-16x12.jpg 16w, https:\/\/www.concert-hosteldieu.com\/wp-content\/uploads\/2025\/03\/IMG-20250319-WA0000-24x18.jpg 24w, https:\/\/www.concert-hosteldieu.com\/wp-content\/uploads\/2025\/03\/IMG-20250319-WA0000-36x27.jpg 36w, https:\/\/www.concert-hosteldieu.com\/wp-content\/uploads\/2025\/03\/IMG-20250319-WA0000-48x36.jpg 48w, https:\/\/www.concert-hosteldieu.com\/wp-content\/uploads\/2025\/03\/IMG-20250319-WA0000-500x375.jpg 500w, https:\/\/www.concert-hosteldieu.com\/wp-content\/uploads\/2025\/03\/IMG-20250319-WA0000-700x525.jpg 700w, https:\/\/www.concert-hosteldieu.com\/wp-content\/uploads\/2025\/03\/IMG-20250319-WA0000.jpg 1600w\" sizes=\"auto, (max-width: 614px) 100vw, 614px\" \/><\/p>\n<hr \/>\n<h3 style=\"text-align: center;\">21 mars &#8211; Burlington, USA<\/h3>\n<p style=\"text-align: center;\">Mini-avion, maxi-paysages ! Direction le Vermont, plus particuli\u00e8rement l\u2019<a class=\"link-build-content\" href=\"https:\/\/www.uvm.edu\/laneseries\/ghosts-hamlet?fbclid=IwY2xjawH_K-RleHRuA2FlbQIxMAABHUAR12q3rM6IB-J3DjETz71lXvdb59spdHj-WGTbN8851FoZSI_CJ73ozw_aem_EJO-7J8G3ug0w6h4_HG0LQ\" target=\"_blank\" rel=\"noopener\"><b><u>University of Vermont<\/u><\/b><\/a>\u00a0pour un ultime concert en terres am\u00e9ricaines. Le froid et la neige \u00e9taient au rendez-vous, mais nos c\u0153urs (et nos archets) \u00e9taient bien au chaud. Entre balades au bord du\u00a0<b>Lake Champlain<\/b>\u00a0et r\u00e9p\u00e9titions, la fatigue commen\u00e7ait \u00e0 se faire sentir\u2026 mais la joie de partager cette aventure l\u2019emportait largement !<\/p>\n<p><img loading=\"lazy\" decoding=\"async\" class=\"alignnone size-medium wp-image-23201\" src=\"https:\/\/www.concert-hosteldieu.com\/wp-content\/uploads\/2025\/03\/WhatsApp-Image-2025-03-20-a-23.35.46_68c685cb-300x225.jpg\" alt=\"\" width=\"300\" height=\"225\" srcset=\"https:\/\/www.concert-hosteldieu.com\/wp-content\/uploads\/2025\/03\/WhatsApp-Image-2025-03-20-a-23.35.46_68c685cb-300x225.jpg 300w, https:\/\/www.concert-hosteldieu.com\/wp-content\/uploads\/2025\/03\/WhatsApp-Image-2025-03-20-a-23.35.46_68c685cb-1024x768.jpg 1024w, https:\/\/www.concert-hosteldieu.com\/wp-content\/uploads\/2025\/03\/WhatsApp-Image-2025-03-20-a-23.35.46_68c685cb-768x576.jpg 768w, https:\/\/www.concert-hosteldieu.com\/wp-content\/uploads\/2025\/03\/WhatsApp-Image-2025-03-20-a-23.35.46_68c685cb-1536x1152.jpg 1536w, https:\/\/www.concert-hosteldieu.com\/wp-content\/uploads\/2025\/03\/WhatsApp-Image-2025-03-20-a-23.35.46_68c685cb-16x12.jpg 16w, https:\/\/www.concert-hosteldieu.com\/wp-content\/uploads\/2025\/03\/WhatsApp-Image-2025-03-20-a-23.35.46_68c685cb-24x18.jpg 24w, https:\/\/www.concert-hosteldieu.com\/wp-content\/uploads\/2025\/03\/WhatsApp-Image-2025-03-20-a-23.35.46_68c685cb-36x27.jpg 36w, https:\/\/www.concert-hosteldieu.com\/wp-content\/uploads\/2025\/03\/WhatsApp-Image-2025-03-20-a-23.35.46_68c685cb-48x36.jpg 48w, https:\/\/www.concert-hosteldieu.com\/wp-content\/uploads\/2025\/03\/WhatsApp-Image-2025-03-20-a-23.35.46_68c685cb-500x375.jpg 500w, https:\/\/www.concert-hosteldieu.com\/wp-content\/uploads\/2025\/03\/WhatsApp-Image-2025-03-20-a-23.35.46_68c685cb-700x525.jpg 700w, https:\/\/www.concert-hosteldieu.com\/wp-content\/uploads\/2025\/03\/WhatsApp-Image-2025-03-20-a-23.35.46_68c685cb.jpg 1600w\" sizes=\"auto, (max-width: 300px) 100vw, 300px\" \/> <img loading=\"lazy\" decoding=\"async\" class=\"alignnone size-medium wp-image-23202\" src=\"https:\/\/www.concert-hosteldieu.com\/wp-content\/uploads\/2025\/03\/WhatsApp-Image-2025-03-20-a-23.42.01_29a03749-300x225.jpg\" alt=\"\" width=\"300\" height=\"225\" srcset=\"https:\/\/www.concert-hosteldieu.com\/wp-content\/uploads\/2025\/03\/WhatsApp-Image-2025-03-20-a-23.42.01_29a03749-300x225.jpg 300w, https:\/\/www.concert-hosteldieu.com\/wp-content\/uploads\/2025\/03\/WhatsApp-Image-2025-03-20-a-23.42.01_29a03749-1024x768.jpg 1024w, https:\/\/www.concert-hosteldieu.com\/wp-content\/uploads\/2025\/03\/WhatsApp-Image-2025-03-20-a-23.42.01_29a03749-768x576.jpg 768w, https:\/\/www.concert-hosteldieu.com\/wp-content\/uploads\/2025\/03\/WhatsApp-Image-2025-03-20-a-23.42.01_29a03749-1536x1152.jpg 1536w, https:\/\/www.concert-hosteldieu.com\/wp-content\/uploads\/2025\/03\/WhatsApp-Image-2025-03-20-a-23.42.01_29a03749-16x12.jpg 16w, https:\/\/www.concert-hosteldieu.com\/wp-content\/uploads\/2025\/03\/WhatsApp-Image-2025-03-20-a-23.42.01_29a03749-24x18.jpg 24w, https:\/\/www.concert-hosteldieu.com\/wp-content\/uploads\/2025\/03\/WhatsApp-Image-2025-03-20-a-23.42.01_29a03749-36x27.jpg 36w, https:\/\/www.concert-hosteldieu.com\/wp-content\/uploads\/2025\/03\/WhatsApp-Image-2025-03-20-a-23.42.01_29a03749-48x36.jpg 48w, https:\/\/www.concert-hosteldieu.com\/wp-content\/uploads\/2025\/03\/WhatsApp-Image-2025-03-20-a-23.42.01_29a03749-500x375.jpg 500w, https:\/\/www.concert-hosteldieu.com\/wp-content\/uploads\/2025\/03\/WhatsApp-Image-2025-03-20-a-23.42.01_29a03749-700x525.jpg 700w, https:\/\/www.concert-hosteldieu.com\/wp-content\/uploads\/2025\/03\/WhatsApp-Image-2025-03-20-a-23.42.01_29a03749.jpg 1600w\" sizes=\"auto, (max-width: 300px) 100vw, 300px\" \/><\/p>\n<p><img loading=\"lazy\" decoding=\"async\" class=\"alignnone size-medium wp-image-23203\" src=\"https:\/\/www.concert-hosteldieu.com\/wp-content\/uploads\/2025\/03\/WhatsApp-Image-2025-03-21-a-12.47.01_2b2625ae-300x225.jpg\" alt=\"\" width=\"300\" height=\"225\" srcset=\"https:\/\/www.concert-hosteldieu.com\/wp-content\/uploads\/2025\/03\/WhatsApp-Image-2025-03-21-a-12.47.01_2b2625ae-300x225.jpg 300w, https:\/\/www.concert-hosteldieu.com\/wp-content\/uploads\/2025\/03\/WhatsApp-Image-2025-03-21-a-12.47.01_2b2625ae-1024x768.jpg 1024w, https:\/\/www.concert-hosteldieu.com\/wp-content\/uploads\/2025\/03\/WhatsApp-Image-2025-03-21-a-12.47.01_2b2625ae-768x576.jpg 768w, https:\/\/www.concert-hosteldieu.com\/wp-content\/uploads\/2025\/03\/WhatsApp-Image-2025-03-21-a-12.47.01_2b2625ae-1536x1152.jpg 1536w, https:\/\/www.concert-hosteldieu.com\/wp-content\/uploads\/2025\/03\/WhatsApp-Image-2025-03-21-a-12.47.01_2b2625ae-16x12.jpg 16w, https:\/\/www.concert-hosteldieu.com\/wp-content\/uploads\/2025\/03\/WhatsApp-Image-2025-03-21-a-12.47.01_2b2625ae-24x18.jpg 24w, https:\/\/www.concert-hosteldieu.com\/wp-content\/uploads\/2025\/03\/WhatsApp-Image-2025-03-21-a-12.47.01_2b2625ae-36x27.jpg 36w, https:\/\/www.concert-hosteldieu.com\/wp-content\/uploads\/2025\/03\/WhatsApp-Image-2025-03-21-a-12.47.01_2b2625ae-48x36.jpg 48w, https:\/\/www.concert-hosteldieu.com\/wp-content\/uploads\/2025\/03\/WhatsApp-Image-2025-03-21-a-12.47.01_2b2625ae-500x375.jpg 500w, https:\/\/www.concert-hosteldieu.com\/wp-content\/uploads\/2025\/03\/WhatsApp-Image-2025-03-21-a-12.47.01_2b2625ae-700x525.jpg 700w, https:\/\/www.concert-hosteldieu.com\/wp-content\/uploads\/2025\/03\/WhatsApp-Image-2025-03-21-a-12.47.01_2b2625ae.jpg 1600w\" sizes=\"auto, (max-width: 300px) 100vw, 300px\" \/> <img loading=\"lazy\" decoding=\"async\" class=\"alignnone wp-image-23204\" src=\"https:\/\/www.concert-hosteldieu.com\/wp-content\/uploads\/2025\/03\/WhatsApp-Image-2025-03-22-a-00.00.14_76f7115b-e1742823655114-300x228.jpg\" alt=\"\" width=\"298\" height=\"227\" srcset=\"https:\/\/www.concert-hosteldieu.com\/wp-content\/uploads\/2025\/03\/WhatsApp-Image-2025-03-22-a-00.00.14_76f7115b-e1742823655114-300x228.jpg 300w, https:\/\/www.concert-hosteldieu.com\/wp-content\/uploads\/2025\/03\/WhatsApp-Image-2025-03-22-a-00.00.14_76f7115b-e1742823655114-1024x777.jpg 1024w, https:\/\/www.concert-hosteldieu.com\/wp-content\/uploads\/2025\/03\/WhatsApp-Image-2025-03-22-a-00.00.14_76f7115b-e1742823655114-768x582.jpg 768w, https:\/\/www.concert-hosteldieu.com\/wp-content\/uploads\/2025\/03\/WhatsApp-Image-2025-03-22-a-00.00.14_76f7115b-e1742823655114-16x12.jpg 16w, https:\/\/www.concert-hosteldieu.com\/wp-content\/uploads\/2025\/03\/WhatsApp-Image-2025-03-22-a-00.00.14_76f7115b-e1742823655114-24x18.jpg 24w, https:\/\/www.concert-hosteldieu.com\/wp-content\/uploads\/2025\/03\/WhatsApp-Image-2025-03-22-a-00.00.14_76f7115b-e1742823655114-36x27.jpg 36w, https:\/\/www.concert-hosteldieu.com\/wp-content\/uploads\/2025\/03\/WhatsApp-Image-2025-03-22-a-00.00.14_76f7115b-e1742823655114-48x36.jpg 48w, https:\/\/www.concert-hosteldieu.com\/wp-content\/uploads\/2025\/03\/WhatsApp-Image-2025-03-22-a-00.00.14_76f7115b-e1742823655114-500x379.jpg 500w, https:\/\/www.concert-hosteldieu.com\/wp-content\/uploads\/2025\/03\/WhatsApp-Image-2025-03-22-a-00.00.14_76f7115b-e1742823655114-700x531.jpg 700w, https:\/\/www.concert-hosteldieu.com\/wp-content\/uploads\/2025\/03\/WhatsApp-Image-2025-03-22-a-00.00.14_76f7115b-e1742823655114.jpg 1200w\" sizes=\"auto, (max-width: 298px) 100vw, 298px\" \/><\/p>\n<hr \/>\n<h3 style=\"text-align: center;\">22 mars &#8211; Retour \u00e0 Lyon<\/h3>\n<p style=\"text-align: center;\">Dernier passage par Montr\u00e9al avant que chacun ne reprenne son chemin :\u00a0<b>Lyon pour nos musiciens, l\u2019Italie pour notre soprano Roberta Mameli<\/b>. Cette tourn\u00e9e a \u00e9t\u00e9\u00a0<b>intense<\/b>,\u00a0<b>vibrante<\/b>,\u00a0<b>\u00e9prouvante<\/b>, mais surtout\u00a0<b>inoubliable<\/b>. Des concerts magiques, des rencontres inspirantes, des paysages \u00e0 couper le souffle\u2026 et des souvenirs grav\u00e9s \u00e0 jamais !<\/p>\n<p><img loading=\"lazy\" decoding=\"async\" class=\"wp-image-23200 aligncenter\" src=\"https:\/\/www.concert-hosteldieu.com\/wp-content\/uploads\/2025\/03\/WhatsApp-Image-2025-03-22-a-22.37.02_379e84de-300x225.jpg\" alt=\"\" width=\"563\" height=\"422\" srcset=\"https:\/\/www.concert-hosteldieu.com\/wp-content\/uploads\/2025\/03\/WhatsApp-Image-2025-03-22-a-22.37.02_379e84de-300x225.jpg 300w, https:\/\/www.concert-hosteldieu.com\/wp-content\/uploads\/2025\/03\/WhatsApp-Image-2025-03-22-a-22.37.02_379e84de-1024x768.jpg 1024w, https:\/\/www.concert-hosteldieu.com\/wp-content\/uploads\/2025\/03\/WhatsApp-Image-2025-03-22-a-22.37.02_379e84de-768x576.jpg 768w, https:\/\/www.concert-hosteldieu.com\/wp-content\/uploads\/2025\/03\/WhatsApp-Image-2025-03-22-a-22.37.02_379e84de-16x12.jpg 16w, https:\/\/www.concert-hosteldieu.com\/wp-content\/uploads\/2025\/03\/WhatsApp-Image-2025-03-22-a-22.37.02_379e84de-24x18.jpg 24w, https:\/\/www.concert-hosteldieu.com\/wp-content\/uploads\/2025\/03\/WhatsApp-Image-2025-03-22-a-22.37.02_379e84de-36x27.jpg 36w, https:\/\/www.concert-hosteldieu.com\/wp-content\/uploads\/2025\/03\/WhatsApp-Image-2025-03-22-a-22.37.02_379e84de-48x36.jpg 48w, https:\/\/www.concert-hosteldieu.com\/wp-content\/uploads\/2025\/03\/WhatsApp-Image-2025-03-22-a-22.37.02_379e84de-500x375.jpg 500w, https:\/\/www.concert-hosteldieu.com\/wp-content\/uploads\/2025\/03\/WhatsApp-Image-2025-03-22-a-22.37.02_379e84de-700x525.jpg 700w, https:\/\/www.concert-hosteldieu.com\/wp-content\/uploads\/2025\/03\/WhatsApp-Image-2025-03-22-a-22.37.02_379e84de.jpg 1296w\" sizes=\"auto, (max-width: 563px) 100vw, 563px\" \/><\/p>\n<hr \/>\n<h3 style=\"text-align: center;\">Clap de fin<\/h3>\n<blockquote><p>Si ce n\u2019est pas d\u00e9j\u00e0 fait,\u00a0<a class=\"link-build-content\" href=\"https:\/\/www.concert-hosteldieu.com\/en\/product\/fantomes-hamlet\/\" target=\"_blank\" rel=\"noopener\"><b><u>procurez-vous notre album\u00a0<\/u><\/b><i><b><u>The Ghosts of Hamlet<\/u><\/b><\/i><\/a>\u00a0et plongez dans cette aventure musicale !<\/p>\n<p>D\u00e9couvrez aussi sur notre site l\u2019ensemble des\u00a0<a class=\"link-build-content\" href=\"https:\/\/www.concert-hosteldieu.com\/en\/les-fantomes-dhamlet-revue-de-presse\/\" target=\"_blank\" rel=\"noopener\"><b><u>articles de presse<\/u><\/b><\/a>\u00a0et l\u2019accueil chaleureux r\u00e9serv\u00e9 \u00e0 notre tourn\u00e9e.<\/p>\n<p><b>\u2728 Merci d\u2019avoir suivi nos p\u00e9rip\u00e9ties\u2026 et \u00e0 tr\u00e8s bient\u00f4t pour de nouvelles aventures musicales !<\/b><\/p><\/blockquote>","protected":false},"excerpt":{"rendered":"<p>18 f\u00e9vrier &#8211; La Trinit\u00e9, Lyon Notre production Les Fant\u00f4mes d\u2019Hamlet a fait ses premiers pas au sein de la Chapelle de la Trinit\u00e9. Une premi\u00e8re mondiale charg\u00e9e d\u2019\u00e9motion, marquant le d\u00e9but d\u2019une belle aventure musicale ! 20 f\u00e9vrier &#8211; [&hellip;]<\/p>\n","protected":false},"author":2776,"featured_media":23171,"comment_status":"closed","ping_status":"closed","sticky":false,"template":"","format":"standard","meta":{"site-sidebar-layout":"default","site-content-layout":null,"ast-site-content-layout":"default","site-content-style":"default","site-sidebar-style":"default","ast-global-header-display":"","ast-banner-title-visibility":"","ast-main-header-display":"","ast-hfb-above-header-display":null,"ast-hfb-below-header-display":null,"ast-hfb-mobile-header-display":"","site-post-title":"","ast-breadcrumbs-content":null,"ast-featured-img":"","footer-sml-layout":"","ast-disable-related-posts":"","theme-transparent-header-meta":"default","adv-header-id-meta":"","stick-header-meta":"default","header-above-stick-meta":null,"header-main-stick-meta":"","header-below-stick-meta":null,"astra-migrate-meta-layouts":"set","ast-page-background-enabled":"default","ast-page-background-meta":{"desktop":{"background-color":"","background-image":"","background-repeat":"repeat","background-position":"center center","background-size":"auto","background-attachment":"scroll","background-type":"","background-media":"","overlay-type":"","overlay-color":"","overlay-opacity":"","overlay-gradient":""},"tablet":{"background-color":"","background-image":"","background-repeat":"repeat","background-position":"center center","background-size":"auto","background-attachment":"scroll","background-type":"","background-media":"","overlay-type":"","overlay-color":"","overlay-opacity":"","overlay-gradient":""},"mobile":{"background-color":"","background-image":"","background-repeat":"repeat","background-position":"center center","background-size":"auto","background-attachment":"scroll","background-type":"","background-media":"","overlay-type":"","overlay-color":"","overlay-opacity":"","overlay-gradient":""}},"ast-content-background-meta":{"desktop":{"background-color":"var(--ast-global-color-5)","background-image":"","background-repeat":"repeat","background-position":"center center","background-size":"auto","background-attachment":"scroll","background-type":"","background-media":"","overlay-type":"","overlay-color":"","overlay-opacity":"","overlay-gradient":""},"tablet":{"background-color":"var(--ast-global-color-5)","background-image":"","background-repeat":"repeat","background-position":"center center","background-size":"auto","background-attachment":"scroll","background-type":"","background-media":"","overlay-type":"","overlay-color":"","overlay-opacity":"","overlay-gradient":""},"mobile":{"background-color":"var(--ast-global-color-5)","background-image":"","background-repeat":"repeat","background-position":"center center","background-size":"auto","background-attachment":"scroll","background-type":"","background-media":"","overlay-type":"","overlay-color":"","overlay-opacity":"","overlay-gradient":""}},"footnotes":""},"categories":[408],"tags":[],"class_list":["post-23159","post","type-post","status-publish","format-standard","has-post-thumbnail","hentry","category-projets-internationaux"],"yoast_head":"<!-- This site is optimized with the Yoast SEO plugin v27.5 - https:\/\/yoast.com\/product\/yoast-seo-wordpress\/ -->\n<title>Les Fant\u00f4mes d&#039;Hamlet en tourn\u00e9e - Le journal de bord - Le Concert de l&#039;Hostel Dieu<\/title>\n<meta name=\"robots\" content=\"index, follow, max-snippet:-1, max-image-preview:large, max-video-preview:-1\" \/>\n<link rel=\"canonical\" href=\"https:\/\/www.concert-hosteldieu.com\/en\/les-fantomes-dhamlet-tournee-journal-de-bord\/\" \/>\n<meta property=\"og:locale\" content=\"en_GB\" \/>\n<meta property=\"og:type\" content=\"article\" \/>\n<meta property=\"og:title\" content=\"Les Fant\u00f4mes d&#039;Hamlet en tourn\u00e9e - Le journal de bord - Le Concert de l&#039;Hostel Dieu\" \/>\n<meta property=\"og:description\" content=\"18 f\u00e9vrier &#8211; La Trinit\u00e9, Lyon Notre production Les Fant\u00f4mes d\u2019Hamlet a fait ses premiers pas au sein de la Chapelle de la Trinit\u00e9. Une premi\u00e8re mondiale charg\u00e9e d\u2019\u00e9motion, marquant le d\u00e9but d\u2019une belle aventure musicale ! 20 f\u00e9vrier &#8211; [&hellip;]\" \/>\n<meta property=\"og:url\" content=\"https:\/\/www.concert-hosteldieu.com\/en\/les-fantomes-dhamlet-tournee-journal-de-bord\/\" \/>\n<meta property=\"og:site_name\" content=\"Le Concert de l&#039;Hostel Dieu\" \/>\n<meta property=\"article:publisher\" content=\"https:\/\/www.facebook.com\/leconcert.delhosteldieu\" \/>\n<meta property=\"article:published_time\" content=\"2025-03-18T11:43:56+00:00\" \/>\n<meta property=\"article:modified_time\" content=\"2025-09-19T10:52:19+00:00\" \/>\n<meta property=\"og:image\" content=\"https:\/\/www.concert-hosteldieu.com\/wp-content\/uploads\/2025\/03\/WhatsApp-Image-2025-03-12-a-21.21.35_abb0f88d.jpg\" \/>\n\t<meta property=\"og:image:width\" content=\"2000\" \/>\n\t<meta property=\"og:image:height\" content=\"1500\" \/>\n\t<meta property=\"og:image:type\" content=\"image\/jpeg\" \/>\n<meta name=\"author\" content=\"refontesiteCHD\" \/>\n<meta name=\"twitter:label1\" content=\"Written by\" \/>\n\t<meta name=\"twitter:data1\" content=\"refontesiteCHD\" \/>\n\t<meta name=\"twitter:label2\" content=\"Estimated reading time\" \/>\n\t<meta name=\"twitter:data2\" content=\"10 minutes\" \/>\n<script type=\"application\/ld+json\" class=\"yoast-schema-graph\">{\"@context\":\"https:\\\/\\\/schema.org\",\"@graph\":[{\"@type\":\"Article\",\"@id\":\"https:\\\/\\\/www.concert-hosteldieu.com\\\/les-fantomes-dhamlet-tournee-journal-de-bord\\\/#article\",\"isPartOf\":{\"@id\":\"https:\\\/\\\/www.concert-hosteldieu.com\\\/les-fantomes-dhamlet-tournee-journal-de-bord\\\/\"},\"author\":{\"name\":\"refontesiteCHD\",\"@id\":\"https:\\\/\\\/www.concert-hosteldieu.com\\\/#\\\/schema\\\/person\\\/be4a42522a14807ffbf942c1c16b80eb\"},\"headline\":\"Les Fant\u00f4mes d&rsquo;Hamlet en tourn\u00e9e &#8211; Le journal de bord\",\"datePublished\":\"2025-03-18T11:43:56+00:00\",\"dateModified\":\"2025-09-19T10:52:19+00:00\",\"mainEntityOfPage\":{\"@id\":\"https:\\\/\\\/www.concert-hosteldieu.com\\\/les-fantomes-dhamlet-tournee-journal-de-bord\\\/\"},\"wordCount\":754,\"publisher\":{\"@id\":\"https:\\\/\\\/www.concert-hosteldieu.com\\\/#organization\"},\"image\":{\"@id\":\"https:\\\/\\\/www.concert-hosteldieu.com\\\/les-fantomes-dhamlet-tournee-journal-de-bord\\\/#primaryimage\"},\"thumbnailUrl\":\"https:\\\/\\\/www.concert-hosteldieu.com\\\/wp-content\\\/uploads\\\/2025\\\/03\\\/WhatsApp-Image-2025-03-12-a-21.21.35_abb0f88d.jpg\",\"articleSection\":[\"Projets internationaux\"],\"inLanguage\":\"en-GB\"},{\"@type\":\"WebPage\",\"@id\":\"https:\\\/\\\/www.concert-hosteldieu.com\\\/les-fantomes-dhamlet-tournee-journal-de-bord\\\/\",\"url\":\"https:\\\/\\\/www.concert-hosteldieu.com\\\/les-fantomes-dhamlet-tournee-journal-de-bord\\\/\",\"name\":\"Les Fant\u00f4mes d'Hamlet en tourn\u00e9e - Le journal de bord - Le Concert de l&#039;Hostel Dieu\",\"isPartOf\":{\"@id\":\"https:\\\/\\\/www.concert-hosteldieu.com\\\/#website\"},\"primaryImageOfPage\":{\"@id\":\"https:\\\/\\\/www.concert-hosteldieu.com\\\/les-fantomes-dhamlet-tournee-journal-de-bord\\\/#primaryimage\"},\"image\":{\"@id\":\"https:\\\/\\\/www.concert-hosteldieu.com\\\/les-fantomes-dhamlet-tournee-journal-de-bord\\\/#primaryimage\"},\"thumbnailUrl\":\"https:\\\/\\\/www.concert-hosteldieu.com\\\/wp-content\\\/uploads\\\/2025\\\/03\\\/WhatsApp-Image-2025-03-12-a-21.21.35_abb0f88d.jpg\",\"datePublished\":\"2025-03-18T11:43:56+00:00\",\"dateModified\":\"2025-09-19T10:52:19+00:00\",\"breadcrumb\":{\"@id\":\"https:\\\/\\\/www.concert-hosteldieu.com\\\/les-fantomes-dhamlet-tournee-journal-de-bord\\\/#breadcrumb\"},\"inLanguage\":\"en-GB\",\"potentialAction\":[{\"@type\":\"ReadAction\",\"target\":[\"https:\\\/\\\/www.concert-hosteldieu.com\\\/les-fantomes-dhamlet-tournee-journal-de-bord\\\/\"]}]},{\"@type\":\"ImageObject\",\"inLanguage\":\"en-GB\",\"@id\":\"https:\\\/\\\/www.concert-hosteldieu.com\\\/les-fantomes-dhamlet-tournee-journal-de-bord\\\/#primaryimage\",\"url\":\"https:\\\/\\\/www.concert-hosteldieu.com\\\/wp-content\\\/uploads\\\/2025\\\/03\\\/WhatsApp-Image-2025-03-12-a-21.21.35_abb0f88d.jpg\",\"contentUrl\":\"https:\\\/\\\/www.concert-hosteldieu.com\\\/wp-content\\\/uploads\\\/2025\\\/03\\\/WhatsApp-Image-2025-03-12-a-21.21.35_abb0f88d.jpg\",\"width\":2000,\"height\":1500},{\"@type\":\"BreadcrumbList\",\"@id\":\"https:\\\/\\\/www.concert-hosteldieu.com\\\/les-fantomes-dhamlet-tournee-journal-de-bord\\\/#breadcrumb\",\"itemListElement\":[{\"@type\":\"ListItem\",\"position\":1,\"name\":\"Accueil\",\"item\":\"https:\\\/\\\/www.concert-hosteldieu.com\\\/\"},{\"@type\":\"ListItem\",\"position\":2,\"name\":\"Les Fant\u00f4mes d&rsquo;Hamlet en tourn\u00e9e &#8211; Le journal de bord\"}]},{\"@type\":\"WebSite\",\"@id\":\"https:\\\/\\\/www.concert-hosteldieu.com\\\/#website\",\"url\":\"https:\\\/\\\/www.concert-hosteldieu.com\\\/\",\"name\":\"Le Concert de l&#039;Hostel Dieu\",\"description\":\"Franck-Emmanuel Comte\",\"publisher\":{\"@id\":\"https:\\\/\\\/www.concert-hosteldieu.com\\\/#organization\"},\"potentialAction\":[{\"@type\":\"SearchAction\",\"target\":{\"@type\":\"EntryPoint\",\"urlTemplate\":\"https:\\\/\\\/www.concert-hosteldieu.com\\\/?s={search_term_string}\"},\"query-input\":{\"@type\":\"PropertyValueSpecification\",\"valueRequired\":true,\"valueName\":\"search_term_string\"}}],\"inLanguage\":\"en-GB\"},{\"@type\":\"Organization\",\"@id\":\"https:\\\/\\\/www.concert-hosteldieu.com\\\/#organization\",\"name\":\"Le Concert de l'Hostel Dieu\",\"url\":\"https:\\\/\\\/www.concert-hosteldieu.com\\\/\",\"logo\":{\"@type\":\"ImageObject\",\"inLanguage\":\"en-GB\",\"@id\":\"https:\\\/\\\/www.concert-hosteldieu.com\\\/#\\\/schema\\\/logo\\\/image\\\/\",\"url\":\"https:\\\/\\\/www.concert-hosteldieu.com\\\/wp-content\\\/uploads\\\/2021\\\/06\\\/logo-chd-noir-transparent.png\",\"contentUrl\":\"https:\\\/\\\/www.concert-hosteldieu.com\\\/wp-content\\\/uploads\\\/2021\\\/06\\\/logo-chd-noir-transparent.png\",\"width\":262,\"height\":106,\"caption\":\"Le Concert de l'Hostel Dieu\"},\"image\":{\"@id\":\"https:\\\/\\\/www.concert-hosteldieu.com\\\/#\\\/schema\\\/logo\\\/image\\\/\"},\"sameAs\":[\"https:\\\/\\\/www.facebook.com\\\/leconcert.delhosteldieu\",\"https:\\\/\\\/x.com\\\/CHDLyon\",\"https:\\\/\\\/instagram.com\\\/concert_hostel_dieu\",\"https:\\\/\\\/www.linkedin.com\\\/company\\\/le-concert-de-l'hostel-dieu\\\/\",\"https:\\\/\\\/www.youtube.com\\\/user\\\/CHDLyon\"]},{\"@type\":\"Person\",\"@id\":\"https:\\\/\\\/www.concert-hosteldieu.com\\\/#\\\/schema\\\/person\\\/be4a42522a14807ffbf942c1c16b80eb\",\"name\":\"refontesiteCHD\",\"image\":{\"@type\":\"ImageObject\",\"inLanguage\":\"en-GB\",\"@id\":\"https:\\\/\\\/secure.gravatar.com\\\/avatar\\\/cbf88c90f1a507085efd88c27d77cdefaa6fb0c531d9570d363750a0871e5dad?s=96&d=identicon&r=g\",\"url\":\"https:\\\/\\\/secure.gravatar.com\\\/avatar\\\/cbf88c90f1a507085efd88c27d77cdefaa6fb0c531d9570d363750a0871e5dad?s=96&d=identicon&r=g\",\"contentUrl\":\"https:\\\/\\\/secure.gravatar.com\\\/avatar\\\/cbf88c90f1a507085efd88c27d77cdefaa6fb0c531d9570d363750a0871e5dad?s=96&d=identicon&r=g\",\"caption\":\"refontesiteCHD\"},\"url\":\"http:\\\/\\\/www.concert-hosteldieu.com\\\/en\\\/author\\\/refontesitechd\\\/\"}]}<\/script>\n<!-- \/ Yoast SEO plugin. -->","yoast_head_json":{"title":"Les Fant\u00f4mes d'Hamlet en tourn\u00e9e - Le journal de bord - Le Concert de l&#039;Hostel Dieu","robots":{"index":"index","follow":"follow","max-snippet":"max-snippet:-1","max-image-preview":"max-image-preview:large","max-video-preview":"max-video-preview:-1"},"canonical":"https:\/\/www.concert-hosteldieu.com\/en\/les-fantomes-dhamlet-tournee-journal-de-bord\/","og_locale":"en_GB","og_type":"article","og_title":"Les Fant\u00f4mes d'Hamlet en tourn\u00e9e - Le journal de bord - Le Concert de l&#039;Hostel Dieu","og_description":"18 f\u00e9vrier &#8211; La Trinit\u00e9, Lyon Notre production Les Fant\u00f4mes d\u2019Hamlet a fait ses premiers pas au sein de la Chapelle de la Trinit\u00e9. Une premi\u00e8re mondiale charg\u00e9e d\u2019\u00e9motion, marquant le d\u00e9but d\u2019une belle aventure musicale ! 20 f\u00e9vrier &#8211; [&hellip;]","og_url":"https:\/\/www.concert-hosteldieu.com\/en\/les-fantomes-dhamlet-tournee-journal-de-bord\/","og_site_name":"Le Concert de l&#039;Hostel Dieu","article_publisher":"https:\/\/www.facebook.com\/leconcert.delhosteldieu","article_published_time":"2025-03-18T11:43:56+00:00","article_modified_time":"2025-09-19T10:52:19+00:00","og_image":[{"width":2000,"height":1500,"url":"https:\/\/www.concert-hosteldieu.com\/wp-content\/uploads\/2025\/03\/WhatsApp-Image-2025-03-12-a-21.21.35_abb0f88d.jpg","type":"image\/jpeg"}],"author":"refontesiteCHD","twitter_misc":{"Written by":"refontesiteCHD","Estimated reading time":"10 minutes"},"schema":{"@context":"https:\/\/schema.org","@graph":[{"@type":"Article","@id":"https:\/\/www.concert-hosteldieu.com\/les-fantomes-dhamlet-tournee-journal-de-bord\/#article","isPartOf":{"@id":"https:\/\/www.concert-hosteldieu.com\/les-fantomes-dhamlet-tournee-journal-de-bord\/"},"author":{"name":"refontesiteCHD","@id":"https:\/\/www.concert-hosteldieu.com\/#\/schema\/person\/be4a42522a14807ffbf942c1c16b80eb"},"headline":"Les Fant\u00f4mes d&rsquo;Hamlet en tourn\u00e9e &#8211; Le journal de bord","datePublished":"2025-03-18T11:43:56+00:00","dateModified":"2025-09-19T10:52:19+00:00","mainEntityOfPage":{"@id":"https:\/\/www.concert-hosteldieu.com\/les-fantomes-dhamlet-tournee-journal-de-bord\/"},"wordCount":754,"publisher":{"@id":"https:\/\/www.concert-hosteldieu.com\/#organization"},"image":{"@id":"https:\/\/www.concert-hosteldieu.com\/les-fantomes-dhamlet-tournee-journal-de-bord\/#primaryimage"},"thumbnailUrl":"https:\/\/www.concert-hosteldieu.com\/wp-content\/uploads\/2025\/03\/WhatsApp-Image-2025-03-12-a-21.21.35_abb0f88d.jpg","articleSection":["Projets internationaux"],"inLanguage":"en-GB"},{"@type":"WebPage","@id":"https:\/\/www.concert-hosteldieu.com\/les-fantomes-dhamlet-tournee-journal-de-bord\/","url":"https:\/\/www.concert-hosteldieu.com\/les-fantomes-dhamlet-tournee-journal-de-bord\/","name":"Les Fant\u00f4mes d'Hamlet en tourn\u00e9e - Le journal de bord - Le Concert de l&#039;Hostel Dieu","isPartOf":{"@id":"https:\/\/www.concert-hosteldieu.com\/#website"},"primaryImageOfPage":{"@id":"https:\/\/www.concert-hosteldieu.com\/les-fantomes-dhamlet-tournee-journal-de-bord\/#primaryimage"},"image":{"@id":"https:\/\/www.concert-hosteldieu.com\/les-fantomes-dhamlet-tournee-journal-de-bord\/#primaryimage"},"thumbnailUrl":"https:\/\/www.concert-hosteldieu.com\/wp-content\/uploads\/2025\/03\/WhatsApp-Image-2025-03-12-a-21.21.35_abb0f88d.jpg","datePublished":"2025-03-18T11:43:56+00:00","dateModified":"2025-09-19T10:52:19+00:00","breadcrumb":{"@id":"https:\/\/www.concert-hosteldieu.com\/les-fantomes-dhamlet-tournee-journal-de-bord\/#breadcrumb"},"inLanguage":"en-GB","potentialAction":[{"@type":"ReadAction","target":["https:\/\/www.concert-hosteldieu.com\/les-fantomes-dhamlet-tournee-journal-de-bord\/"]}]},{"@type":"ImageObject","inLanguage":"en-GB","@id":"https:\/\/www.concert-hosteldieu.com\/les-fantomes-dhamlet-tournee-journal-de-bord\/#primaryimage","url":"https:\/\/www.concert-hosteldieu.com\/wp-content\/uploads\/2025\/03\/WhatsApp-Image-2025-03-12-a-21.21.35_abb0f88d.jpg","contentUrl":"https:\/\/www.concert-hosteldieu.com\/wp-content\/uploads\/2025\/03\/WhatsApp-Image-2025-03-12-a-21.21.35_abb0f88d.jpg","width":2000,"height":1500},{"@type":"BreadcrumbList","@id":"https:\/\/www.concert-hosteldieu.com\/les-fantomes-dhamlet-tournee-journal-de-bord\/#breadcrumb","itemListElement":[{"@type":"ListItem","position":1,"name":"Accueil","item":"https:\/\/www.concert-hosteldieu.com\/"},{"@type":"ListItem","position":2,"name":"Les Fant\u00f4mes d&rsquo;Hamlet en tourn\u00e9e &#8211; Le journal de bord"}]},{"@type":"WebSite","@id":"https:\/\/www.concert-hosteldieu.com\/#website","url":"https:\/\/www.concert-hosteldieu.com\/","name":"Le Concert de l&#039;Hostel Dieu","description":"Franck-Emmanuel Comte","publisher":{"@id":"https:\/\/www.concert-hosteldieu.com\/#organization"},"potentialAction":[{"@type":"SearchAction","target":{"@type":"EntryPoint","urlTemplate":"https:\/\/www.concert-hosteldieu.com\/?s={search_term_string}"},"query-input":{"@type":"PropertyValueSpecification","valueRequired":true,"valueName":"search_term_string"}}],"inLanguage":"en-GB"},{"@type":"Organization","@id":"https:\/\/www.concert-hosteldieu.com\/#organization","name":"Le Concert de l'Hostel Dieu","url":"https:\/\/www.concert-hosteldieu.com\/","logo":{"@type":"ImageObject","inLanguage":"en-GB","@id":"https:\/\/www.concert-hosteldieu.com\/#\/schema\/logo\/image\/","url":"https:\/\/www.concert-hosteldieu.com\/wp-content\/uploads\/2021\/06\/logo-chd-noir-transparent.png","contentUrl":"https:\/\/www.concert-hosteldieu.com\/wp-content\/uploads\/2021\/06\/logo-chd-noir-transparent.png","width":262,"height":106,"caption":"Le Concert de l'Hostel Dieu"},"image":{"@id":"https:\/\/www.concert-hosteldieu.com\/#\/schema\/logo\/image\/"},"sameAs":["https:\/\/www.facebook.com\/leconcert.delhosteldieu","https:\/\/x.com\/CHDLyon","https:\/\/instagram.com\/concert_hostel_dieu","https:\/\/www.linkedin.com\/company\/le-concert-de-l'hostel-dieu\/","https:\/\/www.youtube.com\/user\/CHDLyon"]},{"@type":"Person","@id":"https:\/\/www.concert-hosteldieu.com\/#\/schema\/person\/be4a42522a14807ffbf942c1c16b80eb","name":"refontesiteCHD","image":{"@type":"ImageObject","inLanguage":"en-GB","@id":"https:\/\/secure.gravatar.com\/avatar\/cbf88c90f1a507085efd88c27d77cdefaa6fb0c531d9570d363750a0871e5dad?s=96&d=identicon&r=g","url":"https:\/\/secure.gravatar.com\/avatar\/cbf88c90f1a507085efd88c27d77cdefaa6fb0c531d9570d363750a0871e5dad?s=96&d=identicon&r=g","contentUrl":"https:\/\/secure.gravatar.com\/avatar\/cbf88c90f1a507085efd88c27d77cdefaa6fb0c531d9570d363750a0871e5dad?s=96&d=identicon&r=g","caption":"refontesiteCHD"},"url":"http:\/\/www.concert-hosteldieu.com\/en\/author\/refontesitechd\/"}]}},"_links":{"self":[{"href":"http:\/\/www.concert-hosteldieu.com\/en\/wp-json\/wp\/v2\/posts\/23159","targetHints":{"allow":["GET"]}}],"collection":[{"href":"http:\/\/www.concert-hosteldieu.com\/en\/wp-json\/wp\/v2\/posts"}],"about":[{"href":"http:\/\/www.concert-hosteldieu.com\/en\/wp-json\/wp\/v2\/types\/post"}],"author":[{"embeddable":true,"href":"http:\/\/www.concert-hosteldieu.com\/en\/wp-json\/wp\/v2\/users\/2776"}],"replies":[{"embeddable":true,"href":"http:\/\/www.concert-hosteldieu.com\/en\/wp-json\/wp\/v2\/comments?post=23159"}],"version-history":[{"count":5,"href":"http:\/\/www.concert-hosteldieu.com\/en\/wp-json\/wp\/v2\/posts\/23159\/revisions"}],"predecessor-version":[{"id":23675,"href":"http:\/\/www.concert-hosteldieu.com\/en\/wp-json\/wp\/v2\/posts\/23159\/revisions\/23675"}],"wp:featuredmedia":[{"embeddable":true,"href":"http:\/\/www.concert-hosteldieu.com\/en\/wp-json\/wp\/v2\/media\/23171"}],"wp:attachment":[{"href":"http:\/\/www.concert-hosteldieu.com\/en\/wp-json\/wp\/v2\/media?parent=23159"}],"wp:term":[{"taxonomy":"category","embeddable":true,"href":"http:\/\/www.concert-hosteldieu.com\/en\/wp-json\/wp\/v2\/categories?post=23159"},{"taxonomy":"post_tag","embeddable":true,"href":"http:\/\/www.concert-hosteldieu.com\/en\/wp-json\/wp\/v2\/tags?post=23159"}],"curies":[{"name":"wp","href":"https:\/\/api.w.org\/{rel}","templated":true}]}}